{"id":20956,"date":"2013-05-08T20:13:00","date_gmt":"2013-05-08T19:13:00","guid":{"rendered":"http:\/\/redatea.net\/?guid=da42bf8dbbbf979d6b6fdfb8f6684dcb"},"modified":"2013-05-08T20:13:54","modified_gmt":"2013-05-08T19:13:54","slug":"arrestan-a-lider-evangelico-en-brasil-acusado-de-violacion-y-pederastia","status":"publish","type":"post","link":"http:\/\/feedproxy.google.com\/~r\/lamujerdepurpura\/~3\/pXtHf8xlo5I\/arrestan-lider-evangelico-en-brasil.html","title":{"rendered":"Arrestan a l\u00c3\u00adder evang\u00c3\u00a9lico en Brasil, acusado de violaci\u00c3\u00b3n y pederastia"},"content":{"rendered":"\nR\u00c3\u00ado de Janeiro.- El pastor Marcos Pereira da\n Silva, uno de los principales l\u00c3\u00adderes en Brasil del grupo evang\u00c3\u00a9lico \nIglesia Asamblea de Dios de los \u00c3\u0161ltimos D\u00c3\u00adas, fue arrestado en R\u00c3\u00ado de \nJaneiro acusado de haber violado a seis mujeres, tres de ellas menores \nde edad, informaron hoy fuentes policiales. \n\n\n\nEl l\u00c3\u00adder religioso \nfue detenido el martes por la noche en cumplimiento de dos \u00c3\u00b3rdenes de \n","protected":false},"excerpt":{"rendered":"<p>R\u00c3\u00ado de Janeiro.- El pastor Marcos Pereira da<br \/>\n Silva, uno de los principales l\u00c3\u00adderes en Brasil del grupo evang\u00c3\u00a9lico<br \/>\nIglesia Asamblea de Dios de los \u00c3\u0161ltimos D\u00c3\u00adas, fue arrestado en R\u00c3\u00ado de<br \/>\nJaneiro acusado de haber violado a seis mujeres, tres de e&#8230;<\/p>\n","protected":false},"author":171,"featured_media":0,"comment_status":"closed","ping_status":"closed","sticky":false,"template":"","format":"standard","meta":{"footnotes":""},"categories":[129,126,4,125,127],"tags":[],"class_list":["post-20956","post","type-post","status-publish","format-standard","hentry","category-abuso-infantil","category-abuso-sexual","category-blogs-colaboradores","category-pederastia","category-sacerdotes"],"_links":{"self":[{"href":"https:\/\/www.redatea.net\/index.php\/wp-json\/wp\/v2\/posts\/20956","targetHints":{"allow":["GET"]}}],"collection":[{"href":"https:\/\/www.redatea.net\/index.php\/wp-json\/wp\/v2\/posts"}],"about":[{"href":"https:\/\/www.redatea.net\/index.php\/wp-json\/wp\/v2\/types\/post"}],"author":[{"embeddable":true,"href":"https:\/\/www.redatea.net\/index.php\/wp-json\/wp\/v2\/users\/171"}],"replies":[{"embeddable":true,"href":"https:\/\/www.redatea.net\/index.php\/wp-json\/wp\/v2\/comments?post=20956"}],"version-history":[{"count":0,"href":"https:\/\/www.redatea.net\/index.php\/wp-json\/wp\/v2\/posts\/20956\/revisions"}],"wp:attachment":[{"href":"https:\/\/www.redatea.net\/index.php\/wp-json\/wp\/v2\/media?parent=20956"}],"wp:term":[{"taxonomy":"category","embeddable":true,"href":"https:\/\/www.redatea.net\/index.php\/wp-json\/wp\/v2\/categories?post=20956"},{"taxonomy":"post_tag","embeddable":true,"href":"https:\/\/www.redatea.net\/index.php\/wp-json\/wp\/v2\/tags?post=20956"}],"curies":[{"name":"wp","href":"https:\/\/api.w.org\/{rel}","templated":true}]}}