{"id":420,"date":"2007-06-30T22:07:28","date_gmt":"2007-06-30T20:07:28","guid":{"rendered":"tag:argatea.com.ar:\/\/975a28ca603d3457da32139830e199fd"},"modified":"2007-06-30T22:07:28","modified_gmt":"2007-06-30T20:07:28","slug":"dawkins-hace-un-llamado-a-los-ateos","status":"publish","type":"post","link":"http:\/\/argatea.com.ar\/content\/view\/37\/52\/","title":{"rendered":"Dawkins hace un llamado a los ateos."},"content":{"rendered":"Llamado\u00c2 a\u00c2 las\u00c2 armas.\u00c2   \n\n\n  Richard Dawkins hace un llamado a los ateos hagan p\u00c3\u00bablico su creencia y luchen agresivamente la incursi\u00c3\u00b3n de la religi\u00c3\u00b3n en pol\u00c3\u00adtica y la educaci\u00c3\u00b3n.  \n\n\n  La\u00c2 ponencia\u00c2 se\u00c2 titula\u00c2 &#39;El\u00c2 dise\u00c3\u00b1o\u00c2 de\u00c2 la\u00c2 vida&#39;,\u00c2 y\u00c2 la\u00c2 audiencia en la TED\u00c2 probablemente esperaba apuntes sobre el rol de la evoluci\u00c3\u00b3n en nuestra historia de parte del bi\u00c3\u00b3logo Richard Dawkins. En vez de eso, lanz\u00c3\u00b3 una frontal apelaci\u00c3\u00b3n a los ateos para que hagan p\u00c3\u00bablico su creencia y luchen agresivamente la incursi\u00c3\u00b3n de la religi\u00c3\u00b3n en pol\u00c3\u00adtica y la educaci\u00c3\u00b3n. Cient\u00c3\u00adficos e intelectuales sostienen creencias muy diferentes  a las del publico\u00c2 americano en general, a pesar de...","protected":false},"excerpt":{"rendered":"<p>Llamado\u00c2 a\u00c2 las\u00c2 armas.\u00c2   <\/p>\n<p>  Richard Dawkins hace un llamado a los ateos hagan p\u00c3\u00bablico su creencia y luchen agresivamente la incursi\u00c3\u00b3n de la religi\u00c3\u00b3n en pol\u00c3\u00adtica y la educaci\u00c3\u00b3n.  <\/p>\n<p>  La\u00c2 ponencia\u00c2 se\u00c2 titula\u00c2 &#39;El\u00c2 dise\u00c3\u00b1o\u00c2 de\u00c2 la\u00c2 vida&#39;,\u00c2 y\u00c2 la\u00c2 audiencia en la TED\u00c2 probablemente esperaba apuntes sobre el rol de la evoluci\u00c3\u00b3n en nuestra historia de parte del bi\u00c3\u00b3logo Richard Dawkins. En vez de eso, lanz\u00c3\u00b3 una frontal apelaci\u00c3\u00b3n a los ateos para que hagan p\u00c3\u00bablico su creencia y luchen agresivamente la incursi\u00c3\u00b3n de la religi\u00c3\u00b3n en pol\u00c3\u00adtica y la educaci\u00c3\u00b3n. Cient\u00c3\u00adficos e intelectuales sostienen creencias muy diferentes  a las del publico\u00c2 americano en general, a pesar de&#8230;<\/p>\n","protected":false},"author":71,"featured_media":0,"comment_status":"closed","ping_status":"closed","sticky":false,"template":"","format":"standard","meta":{"footnotes":""},"categories":[2],"tags":[],"class_list":["post-420","post","type-post","status-publish","format-standard","hentry","category-ateismo"],"_links":{"self":[{"href":"https:\/\/www.redatea.net\/index.php\/wp-json\/wp\/v2\/posts\/420","targetHints":{"allow":["GET"]}}],"collection":[{"href":"https:\/\/www.redatea.net\/index.php\/wp-json\/wp\/v2\/posts"}],"about":[{"href":"https:\/\/www.redatea.net\/index.php\/wp-json\/wp\/v2\/types\/post"}],"author":[{"embeddable":true,"href":"https:\/\/www.redatea.net\/index.php\/wp-json\/wp\/v2\/users\/71"}],"replies":[{"embeddable":true,"href":"https:\/\/www.redatea.net\/index.php\/wp-json\/wp\/v2\/comments?post=420"}],"version-history":[{"count":0,"href":"https:\/\/www.redatea.net\/index.php\/wp-json\/wp\/v2\/posts\/420\/revisions"}],"wp:attachment":[{"href":"https:\/\/www.redatea.net\/index.php\/wp-json\/wp\/v2\/media?parent=420"}],"wp:term":[{"taxonomy":"category","embeddable":true,"href":"https:\/\/www.redatea.net\/index.php\/wp-json\/wp\/v2\/categories?post=420"},{"taxonomy":"post_tag","embeddable":true,"href":"https:\/\/www.redatea.net\/index.php\/wp-json\/wp\/v2\/tags?post=420"}],"curies":[{"name":"wp","href":"https:\/\/api.w.org\/{rel}","templated":true}]}}