{"id":738327,"date":"2018-12-26T04:49:00","date_gmt":"2018-12-26T03:49:00","guid":{"rendered":"http:\/\/www.redatea.net\/?guid=de831a0e116cd6b82a6afdeedc6f2aa7"},"modified":"2018-12-26T04:52:53","modified_gmt":"2018-12-26T03:52:53","slug":"feliz-dies-natalis-nativitas-2","status":"publish","type":"post","link":"http:\/\/jehovadesenmascarado.blogspot.com\/2018\/12\/feliz-dies-natalis.html","title":{"rendered":"!!FELIZ DIES NATALIS NATIVITAS!!"},"content":{"rendered":"Por guerreropirata*<br \/>\n<br \/>\n<div class=\"separator\" style=\"clear: both; text-align: center;\">\n<a href=\"https:\/\/blogger.googleusercontent.com\/img\/b\/R29vZ2xl\/AVvXsEh_bBuvgH4hyPAn6eKBWCTXXoEzV6B_QaXThWTaveChUKhq5sfreVU0ehGBzBsyU7bOmZp7jo7RiqB0oKzW0dH5kDCzM6Vhx2z0U7_txlVL2JxZRLnKGN9yYEyu0zdAis6TDKE2NIJ7hjQ\/s1600\/natividad.jpg\" imageanchor=\"1\" style=\"margin-left: 1em; margin-right: 1em;\"><img border=\"0\" data-original-height=\"447\" data-original-width=\"705\" height=\"202\" src=\"https:\/\/blogger.googleusercontent.com\/img\/b\/R29vZ2xl\/AVvXsEh_bBuvgH4hyPAn6eKBWCTXXoEzV6B_QaXThWTaveChUKhq5sfreVU0ehGBzBsyU7bOmZp7jo7RiqB0oKzW0dH5kDCzM6Vhx2z0U7_txlVL2JxZRLnKGN9yYEyu0zdAis6TDKE2NIJ7hjQ\/s320\/natividad.jpg\" width=\"320\" \/><\/a><\/div>\n<br \/>\n<br \/>\n<div class=\"fl-module fl-module-rich-text fl-node-5ae188d37b614 pd-enlace-texto selectshare\" data-node=\"5ae188d37b614\" title=\"undefined\">\n<div class=\"fl-module-content fl-node-content\">\n<div class=\"fl-rich-text\">\n<span style=\"font-weight: 400;\">En la mitolog\u00eda griega Helios, el \nsol, era personificado como un hermoso dios coronado por una brillante \naureola, el cual conduc\u00eda un carro que surcaba el cielo todos los d\u00edas \nen direcci\u00f3n este-oeste hasta sumergirse en el oc\u00e9ano, haciendo su viaje\n de regreso por la noche.&nbsp;<\/span><br \/>\n<span style=\"font-weight: 400;\">Hes\u00edodo, en su <\/span><i><span style=\"font-weight: 400;\">Teogon\u00eda, <\/span><\/i><span style=\"font-weight: 400;\">dice\n que era hijo de los titanes Hiperi\u00f3n y Tea, y por tanto hermano de \nSelene, la luna, y Eos, la aurora. P\u00edndaro, por su parte, dice que \nHelios \u201cengendra rayos de luz penetrantes\u201d y que los corceles que tiran \nde su carro respiran fuego. Homero dice que Helios es <\/span><i><span style=\"font-weight: 400;\">panoptes, <\/span><\/i><span style=\"font-weight: 400;\">es decir, \u201cque todo lo ve\u201d.&nbsp;<\/span><br \/>\n<span style=\"font-weight: 400;\">En el canto VIII de la <\/span><i><span style=\"font-weight: 400;\">Odisea <\/span><\/i><span style=\"font-weight: 400;\">cuenta\n que Afrodita, que estaba casada con Hefesto, se acostaba en secreto con\n Ares, el dios de la guerra. Fue Helios, \u201cque todo lo ve\u201d, quien los \ndescubri\u00f3 y se lo cont\u00f3 a Hefesto, quien a su vez tendi\u00f3 una trampa a \nlos amantes: los atrap\u00f3 <\/span><i><span style=\"font-weight: 400;\">in fraganti <\/span><\/i><span style=\"font-weight: 400;\">con una red muy fina que teji\u00f3 y los mostr\u00f3, desnudos como estaban, a los dem\u00e1s dioses, que no pod\u00edan contener la risa.<\/span><br \/>\n<span style=\"font-weight: 400;\">En <\/span><i><span style=\"font-weight: 400;\">El banquete de los eruditos, <\/span><\/i><span style=\"font-weight: 400;\">Ateneo\n de Naucratis dice que, cuando llegaba la noche, Helios se sub\u00eda a una \ngran copa dorada en la que se trasladaba hasta la tierra de los et\u00edopes,\n donde permanec\u00eda hasta el otro d\u00eda. No es de extra\u00f1ar que Helios \nterminara relacionado con Apolo, el dios de la luz. Apolo era tambi\u00e9n \nrepresentado con una cabellera rubia y resplandeciente.&nbsp;<\/span><br \/>\n<span style=\"font-weight: 400;\">Uno de sus \napodos era precisamente <\/span><i><span style=\"font-weight: 400;\">Febo, <\/span><\/i><span style=\"font-weight: 400;\">\u201cbrillante\u201d. La primera asociaci\u00f3n entre ambos dioses aparece en la tragedia <\/span><i><span style=\"font-weight: 400;\">Faet\u00f3n <\/span><\/i><span style=\"font-weight: 400;\">de\n Eur\u00edpides, cuando Cl\u00edmene, la madre de Faet\u00f3n, lamenta que Helios, \u201cal \nque tambi\u00e9n los hombres llaman Apolo\u201d, haya matado a su hijo. En \nfragmentos de fil\u00f3sofos como Parm\u00e9nides y Emp\u00e9docles, o escritores como \nPlutarco, tambi\u00e9n aparecen ambos dioses relacionados.<\/span><br \/>\n<span style=\"font-weight: 400;\">En realidad, el culto a Helios-Apolo \nno es sino la expresi\u00f3n griega de otros cultos solares que proliferaron \nen el Asia y el Mediterr\u00e1neo antiguos, como es el caso del de El-Gabal \nen Siria y Mitra entre los persas. Entre los romanos, se rend\u00eda culto al\n <\/span><i><span style=\"font-weight: 400;\">Sol Invictus, <\/span><\/i><span style=\"font-weight: 400;\">el\n \u201cSol Invencible\u201d, cuya fiesta se celebraba con motivo del solsticio de \ninvierno el 25 de diciembre, cuando, se cre\u00eda, era la noche m\u00e1s larga y,\n a partir de entonces, el sol comenzaba a renacer. Esta fiesta se \nllamaba <\/span><i><span style=\"font-weight: 400;\">Dies Natalis <\/span><\/i><span style=\"font-weight: 400;\">o <\/span><i><span style=\"font-weight: 400;\">Nativitas, <\/span><\/i><span style=\"font-weight: 400;\">origen de nuestra palabra \u201cNavidad\u201d. La fiesta del <\/span><i><span style=\"font-weight: 400;\">Sol Invictus <\/span><\/i><span style=\"font-weight: 400;\">coincid\u00eda con las fiestas Brumales o las <\/span><i><span style=\"font-weight: 400;\">Brumalia. <\/span><\/i><span style=\"font-weight: 400;\">Su nombre proviene de la palabra <\/span><i><span style=\"font-weight: 400;\">bruma, <\/span><\/i><span style=\"font-weight: 400;\">que en lat\u00edn significa \u201cel d\u00eda m\u00e1s corto\u201d, pues terminaban, tambi\u00e9n, el d\u00eda 25 de diciembre. Las <\/span><i><span style=\"font-weight: 400;\">Brumalia <\/span><\/i><span style=\"font-weight: 400;\">fueron instituidas nada menos que por R\u00f3mulo, fundador y primer rey de Roma.<\/span><br \/>\n<span style=\"font-weight: 400;\">Sin embargo la reina de las fiestas romanas eran las llamadas Saturnales,<\/span> <span style=\"font-weight: 400;\">en\n honor a Saturno, dios de la agricultura. Seg\u00fan la mitolog\u00eda romana, \nSaturno hab\u00eda gobernado el mundo en una \u00e9poca feliz en la que no exist\u00eda\n el hambre, las enfermedades ni la maldad, as\u00ed que en una fiesta en su \nhonor deb\u00eda ser muy alegre. El poeta Catulo dijo que las <\/span><i><span style=\"font-weight: 400;\">Saturnalia <\/span><\/i><span style=\"font-weight: 400;\">eran\n \u201clos mejores d\u00edas\u201d y Plinio el Joven dijo que durante ellas \u201ctoda Roma \nse volv\u00eda loca\u201d. Las fiestas comenzaban con un sacrificio en el templo \nde Saturno, en el foro romano, y despu\u00e9s continuaban con un banquete \np\u00fablico,<\/span> <span style=\"font-weight: 400;\">un intercambio de \nregalos donde especialmente los ni\u00f1os recib\u00edan obsequios de los mayores y\n terminaban con una gran fiesta que duraba siete d\u00edas y comenzaba al \ngrito de <\/span><i><span style=\"font-weight: 400;\">\u00a1Io, Saturnalia!<\/span><\/i><br \/>\n<br \/>\n<span style=\"font-weight: 400;\">Durante las Saturnales se com\u00eda \ncochinillo y se beb\u00eda m\u00e1s vino de la cuenta, se organizaban juegos, \nbacanales y bailes de m\u00e1scaras, se adornaban las casas con velas y se \ncolgaban adornos de los \u00e1rboles para celebrar el regreso del verdor y de\n la luz. Tambi\u00e9n se liberaba temporalmente a los esclavos y se jugaba al\n intercambio de roles en un ambiente carnavalesco. Para recordar la \n\u00e9poca de Saturno, cuando todos \u00e9ramos iguales, los amos serv\u00edan a los \nesclavos en banquetes y \u00e9stos podr\u00edan criticar los defectos de los amos.\n Algunos historiadores dicen que la fiesta marcaba el fin de los \ntrabajos del campo, los cuales se deten\u00edan por el invierno, pero tambi\u00e9n\n marcaba el comienzo de las vacaciones escolares y judiciales, se \nsuspend\u00edan las guerras y los negocios. Los romanos colgaban las togas y \nse vest\u00edan de modo m\u00e1s informal. Muchos hac\u00edan paseos campestres al \nmonte Aventino. Era el final de la oscuridad y el comienzo de un nuevo \na\u00f1o.&nbsp;<\/span><br \/>\n<span style=\"font-weight: 400;\">Las Saturnales comenzaban el 17 de diciembre y se extend\u00edan hasta \nel d\u00eda 25, el d\u00eda de la <\/span><i><span style=\"font-weight: 400;\">bruma, <\/span><\/i><span style=\"font-weight: 400;\">cuando empalmaban con las fiestas del Sol Invicto.<\/span><br \/>\n<span style=\"font-weight: 400;\">No falt\u00f3 el emperador romano que supo\n ver en estas celebraciones una estupenda herramienta de cohesi\u00f3n para \nel vasto imperio. Si bien el culto al Sol Invicto era ya popular entre \nlos soldados romanos, en el siglo III el emperador Heliog\u00e1balo, de \norigen sirio y que hab\u00eda sido sacerdote de El-Gabal, quiso reemplazar en\n Roma el culto a Zeus por el de la divinidad solar, irrespetando las \nantiguas tradiciones romanas y fundando una nueva religi\u00f3n de la que era\n sumo sacerdote y en cuyos exc\u00e9ntricos rituales obligaba a participar a \nmuchos nobles romanos.&nbsp;<\/span><br \/>\n<span style=\"font-weight: 400;\">Esto le cost\u00f3 la vida, aunque no acab\u00f3 con el \nculto solar. M\u00e1s tarde, Aureliano quiso asimismo fortalecer al Sol \nInvicto como centro del pante\u00f3n romano. Para ello hizo construir en el \na\u00f1o 271 un imponente templo en el <\/span><i><span style=\"font-weight: 400;\">Campus Agrippae <\/span><\/i><span style=\"font-weight: 400;\">de\n Roma. Tambi\u00e9n durante el reinado de Constantino fueron frecuentes las \nmonedas con la imagen del Sol. Fue bajo su reinado, como se sabe, cuando\n se permiti\u00f3 el cristianismo mediante el Edicto de Mil\u00e1n del a\u00f1o 313. <\/span><br \/>\n<span style=\"font-weight: 400;\">Ahora bien, \u00bfc\u00f3mo se llega del culto \npagano al nacimiento de Jes\u00fas? No es posible saber si antes de esa fecha\n los cristianos celebraban el nacimiento de Jes\u00fas, y ante la falta de \nnoticias en el Nuevo Testamento, se tom\u00f3 una antigua tradici\u00f3n jud\u00eda que\n dec\u00eda que los profetas mor\u00edan el mismo d\u00eda en que hab\u00edan sido \nconcebidos. Se cre\u00eda que Jes\u00fas hab\u00eda muerto un 25 de marzo, para \nnosotros el d\u00eda de la Anunciaci\u00f3n. Si ese d\u00eda fue concebido, la cuenta \npara su nacimiento da, exactamente, el 25 de diciembre, el <\/span><i><span style=\"font-weight: 400;\">Dies Natalis, <\/span><\/i><span style=\"font-weight: 400;\">la <\/span><i><span style=\"font-weight: 400;\">Nativitas, <\/span><\/i><span style=\"font-weight: 400;\">el d\u00eda del Sol Invicto, el astro que muere y vuelve a nacer.<\/span><br \/>\n<br \/>\n<div style=\"text-align: right;\">\n<span style=\"font-weight: 400;\">*Tomado de https:\/\/prodavinci.com\/sol-invictus\/ <\/span><\/div>\n<br \/>\n<br \/><\/div>\n<\/div>\n<\/div>\n","protected":false},"excerpt":{"rendered":"<p>Por guerreropirata*<\/p>\n<p>En la mitolog\u00eda griega Helios, el<br \/>\nsol, era personificado como un hermoso dios coronado por una brillante<br \/>\naureola, el cual conduc\u00eda un carro que surcaba el cielo todos los d\u00edas<br \/>\nen direcci\u00f3n este-oeste hasta sumergirse en e&#8230;<\/p>\n","protected":false},"author":186,"featured_media":0,"comment_status":"closed","ping_status":"open","sticky":false,"template":"","format":"standard","meta":{"footnotes":""},"categories":[1569,1635,4,1693,1694,92,22,1695,1090,1696,160,1634],"tags":[],"class_list":["post-738327","post","type-post","status-publish","format-standard","hentry","category-25-de-diciembre","category-25-diciembre","category-blogs-colaboradores","category-griegos","category-helios","category-jesucristo","category-jesus","category-mitra","category-natividad","category-nativitas","category-navidad","category-navidad-al-descubierto"],"_links":{"self":[{"href":"https:\/\/www.redatea.net\/index.php\/wp-json\/wp\/v2\/posts\/738327","targetHints":{"allow":["GET"]}}],"collection":[{"href":"https:\/\/www.redatea.net\/index.php\/wp-json\/wp\/v2\/posts"}],"about":[{"href":"https:\/\/www.redatea.net\/index.php\/wp-json\/wp\/v2\/types\/post"}],"author":[{"embeddable":true,"href":"https:\/\/www.redatea.net\/index.php\/wp-json\/wp\/v2\/users\/186"}],"replies":[{"embeddable":true,"href":"https:\/\/www.redatea.net\/index.php\/wp-json\/wp\/v2\/comments?post=738327"}],"version-history":[{"count":2,"href":"https:\/\/www.redatea.net\/index.php\/wp-json\/wp\/v2\/posts\/738327\/revisions"}],"predecessor-version":[{"id":738554,"href":"https:\/\/www.redatea.net\/index.php\/wp-json\/wp\/v2\/posts\/738327\/revisions\/738554"}],"wp:attachment":[{"href":"https:\/\/www.redatea.net\/index.php\/wp-json\/wp\/v2\/media?parent=738327"}],"wp:term":[{"taxonomy":"category","embeddable":true,"href":"https:\/\/www.redatea.net\/index.php\/wp-json\/wp\/v2\/categories?post=738327"},{"taxonomy":"post_tag","embeddable":true,"href":"https:\/\/www.redatea.net\/index.php\/wp-json\/wp\/v2\/tags?post=738327"}],"curies":[{"name":"wp","href":"https:\/\/api.w.org\/{rel}","templated":true}]}}