{"id":738331,"date":"2018-03-30T14:34:00","date_gmt":"2018-03-30T13:34:00","guid":{"rendered":"http:\/\/www.redatea.net\/?guid=f05ed46f7dfd6d29ef40780e397e5b4e"},"modified":"2018-03-30T14:34:53","modified_gmt":"2018-03-30T13:34:53","slug":"la-verdadera-historia-de-la-crucifixion-2","status":"publish","type":"post","link":"http:\/\/jehovadesenmascarado.blogspot.com\/2018\/03\/la-verdadera-historia-de-la-crucifixion.html","title":{"rendered":"LA VERDADERA HISTORIA DE LA CRUCIFIXI\u00d3N"},"content":{"rendered":"<div class=\"separator\" style=\"clear: both; text-align: center;\">\n<\/div>\n<div class=\"separator\" style=\"clear: both; text-align: center;\">\n<\/div>\n<div style=\"margin-left: 1em; margin-right: 1em;\">\n&nbsp;<img alt=\"Imagen relacionada\" class=\"irc_mi\" height=\"353\" src=\"https:\/\/santhatela.com.br\/wp-content\/uploads\/2018\/02\/velasquez-cristo-crucificado-a.jpg\" style=\"margin-top: 0px;\" width=\"270\" \/><\/div>\n<br \/>\n<div style=\"margin-left: 1em; margin-right: 1em;\">\n<\/div>\n<br \/>\n<br \/>\nPor guerreropirata*<br \/>\n<br \/>\nEl <b>Viernes Santo<\/b> es una de las principales celebraciones del cristianismo, en la que se conmemora la muerte de <b>Jes\u00fas de Nazaret<\/b>, clavado en una cruz. Pero \u00bfqu\u00e9 cuentan en realidad los Evangelios? \u00bfMuri\u00f3 Cristo tal como nos han ense\u00f1ado?.<br \/>\n<br \/>\nLa cruz es uno de los s\u00edmbolos claves del cristianismo, no en vano, es \nuno de los aspectos de la vida de Jes\u00fas en el que coinciden los \u2013a menudo contradictorios\u2013 <b>evangelios can\u00f3nicos. <\/b>Aunque\n Mateo, Marco, Lucas y Juan narran su propia versi\u00f3n de los hechos, \ntodos se\u00f1alan que Jes\u00fas muri\u00f3 tal como nos explicaron en clase de \nreligi\u00f3n (faltar\u00eda m\u00e1s). Pero apenas aportan detalles sobre la forma en \nque se ejecut\u00f3 la pena:<br \/>\n<br \/>\n<div style=\"margin-left: 40px;\">\n\u201cDespu\u00e9s de crucificarlo, los soldados sortearon sus vestiduras y se las repartieron\u201d. (Mateo 27:35).<\/div>\n<div style=\"margin-left: 40px;\">\n\u201cDespu\u00e9s\n lo crucificaron. Los soldados se repartieron sus vestiduras, \nsorte\u00e1ndolas para ver qu\u00e9 le tocaba a cada uno\u201d. (Marcos 15:25).<\/div>\n<div style=\"margin-left: 40px;\">\n\u201cCuando\n llegaron al lugar llamado 'del Cr\u00e1neo', lo crucificaron junto con los \nmalhechores, uno a su derecha y el otro a su izquierda\u201d. (Lucas 23:33).<\/div>\n<div style=\"margin-left: 40px;\">\n\u201cAll\u00ed lo crucificaron; y con \u00e9l a otros dos, uno a cada lado y Jes\u00fas en el medio\u201d. (Juan 19:18).<\/div>\n<div style=\"margin-left: 40px;\">\n<br \/><\/div>\n<div style=\"margin-left: 40px;\">\nComo se puede observar, a diferencia de lo que solemos dar por hecho, ninguno de los textos menciona que Jes\u00fas fuera <b>clavado<\/b> en la cruz.<\/div>\n<div style=\"margin-left: 40px;\">\n<br \/><\/div>\n<h2>\nLa marca de los clavos<\/h2>\n\u00bfPor qu\u00e9 entonces hablamos siempre de los clavos de Cristo? Como de costumbre, es el<b> Evangelio de Juan<\/b>,\n el m\u00e1s tard\u00edo y el que m\u00e1s diferencias esconde, el que genera esta \nconfusi\u00f3n que llega hasta nuestros d\u00edas.<br \/>\nAunque, al igual que el resto \nde evangelistas, Juan no explica en ning\u00fan momento que Jesucristo fuera \nclavado en la cruz, s\u00ed hace referencia a este hecho en la famosa escena \nde la incredulidad de<b> Santo Tom\u00e1s<\/b>, cuando \u00e9ste asegura:\n \u201cSi no veo la marca de los clavos en sus manos, si no pongo el dedo en \nel lugar de los clavos y la mano en su costado no lo creer\u00e9\u201d.<br \/>\nOcho d\u00edas \nm\u00e1s tarde aparece Jesucristo y le pide a Tom\u00e1s que vea sus heridas y \ndeje de ser incr\u00e9dulo. (Juan 20:24-29).<br \/>\n<br \/>\nEs esta la \u00fanica referencia de los evangelios can\u00f3nicos al modo en \nque Cristo fue crucificado, y se realiza 'a posteriori' a trav\u00e9s de un \napostol, Tom\u00e1s, del que m\u00e1s all\u00e1 del nombre no cuentan absolutamente \nnada el resto de evangelistas.<br \/>\nComo explica en 'The Conversation'<b> Meredith J. C. Warren<\/b>,\n profesora de estudios religiosos y b\u00edblicos de la Universidad de \nSheffield, para encontrar m\u00e1s informaci\u00f3n sobre los clavos de Cristo hay\n que recurrir a evangelios ap\u00f3crifos.<br \/>\n<br \/>\n<span class=\"summary block-summary\">La tradici\u00f3n cristiana asume que los\n criminales eran clavados en la cruz, pero lo cierto es que en la \nmayor\u00eda de los casos eran colgados usando cuerdas.<\/span><br \/>\n<br \/>\nEl <b>evangelio de San Pedro,<\/b> un texto hallado en \nEgipto en el siglo XIX y que, seg\u00fan la mayor parte de los \ninvestigadores, data de la primera mitad del siglo II (y es posterior, \npor tanto, a los evangelios can\u00f3nicos), s\u00ed cuenta que los clavos fueron \nretirados de las manos de Cristo despu\u00e9s de su muerte. En este evangelio\n la propia cruz se convierte en un personaje de la narrativa\n e, incluso, responde con su propia voz a Dios, algo que, seg\u00fan Warren, \nconstata la importancia que el s\u00edmbolo, que en los albores del \ncristianismo no tuvo ninguna importancia, fue ganando a medida que se \nexpandi\u00f3 la religi\u00f3n.<br \/>\nHasta aqu\u00ed lo que cuentan los textos religiosos pero \u00bfqu\u00e9 evidencias hist\u00f3ricas respaldan su relato?<br \/>\n<br \/>\n<h2>\nBreve historia de un castigo<\/h2>\nLa crucifixi\u00f3n fue un <b>m\u00e9todo de ejecuci\u00f3n<\/b>\n ampliamente usado en el imperio Romano y en las culturas vecinas del \nMediterr\u00e1neo, que serv\u00eda para humillar p\u00fablicamente a los esclavos y los\n criminales de m\u00e1s baja escala social, as\u00ed como para castigar a los \nenemigos del Estado. Esta \u00faltima es la raz\u00f3n por la que, seg\u00fan los \nevangelios, los romanos condenaron a Jes\u00fas: como Rey de los Jud\u00edos, \nCristo estaba desafiando la <b>supremac\u00eda imperial romana<\/b> (Mateo 27:37, Marco 15:26, Lucas 23:38, Juan 19:19-22).<br \/>\n<br \/>\n<span class=\"summary block-summary\">S\u00f3lo existe una evidencia antropol\u00f3gica de este tipo de crucifixi\u00f3n, hallada en una tumba del siglo I d.C.<\/span> <br \/>\n&nbsp;Gracias a los documentos hist\u00f3ricos existentes sabemos que la \ncrucifixi\u00f3n se pod\u00eda llevar a cabo de muchas formas. La tradici\u00f3n \ncristiana asume que los criminales eran clavados en un madero con forma \nde cruz \u2013el debate se centra, \u00fanicamente, en si los clavos se situaban \nen la palma de la mano o la mu\u00f1eca\u2013, pero lo cierto es que en la mayor\u00eda\n de los casos los criminales eran colgados usando <b>cuerdas<\/b>, y no siempre el instrumento de tortura ten\u00eda la forma que imaginamos hoy en d\u00eda.<br \/>\n<br \/>\nEs probable que las primeras cruces consistieran s\u00f3lo en una <b>estaca vertical<\/b>,\n a la que se ataba al reo hasta que mor\u00eda muerto de hambre o ahogado (lo\n m\u00e1s habitual). Despu\u00e9s el m\u00e9todo se sofistic\u00f3, a\u00f1adiendo un travesa\u00f1o \nde madera a la parte superior, formando un instrumento de tortura en \nforma de T. Otras formas comunes eran las cruces en forma de X o de Y.<br \/>\n<br \/>\nEl historiador jud\u00edo-romano<b> Flavio Josefo,<\/b> responsable de la \nalusi\u00f3n directa m\u00e1s antigua a Jes\u00fas de fuentes no cristianas (en torno a\n los a\u00f1os 92 y 94 de nuestra era), asegura que, durante la primera gran \nrevuelta jud\u00eda (70 d.C.) los romanos \u201cfuera de si \u2013de ira y odio\u2013 se \ndivert\u00edan clavando a sus prisioneros en diferentes posturas\u201d. Este \nhecho, aunque posterior a la muerte de Cristo, parece indicar que, en \nefecto, en esta \u00e9poca los romanos se molestaban en clavar a la cruz a \nalgunos criminales de tipo pol\u00edtico.<br \/>\n<br \/>\nLa pr\u00e1ctica del <b>enclavamiento,<\/b> sin embargo, goza de \nmuy pocos vestigios arqueol\u00f3gicos (algo habitual en todo lo que respecta\n al Jes\u00fas hist\u00f3rico). S\u00f3lo existe una evidencia antropol\u00f3gica de este \ntipo de crucifixi\u00f3n, hallada en una tumba datada en el siglo I d.C. El \ncuerpo de <b>Jehohanan, <\/b>que as\u00ed se llamaba el difunto, conservaba un\n clavo oxidado en el tal\u00f3n del pie derecho con el que, se cree, se \ndebieron clavar a la cruz ambos pies. No existen evidencias, por el \ncontrario, de que se le hubieran clavado los brazos o las manos.<br \/>\n<table align=\"center\" cellpadding=\"0\" cellspacing=\"0\" class=\"tr-caption-container\" style=\"margin-left: auto; margin-right: auto; text-align: center;\"><tbody>\n<tr><td style=\"text-align: center;\"><img alt=\"https:\/\/www.ecestaticos.com\/image\/clipping\/585\/e48a46f0f18ac220ac2438882888bc56\/unica-evidencia-antropologica-encontrada-en-1968-sobre-una-crucifixion.jpg\" class=\"shrinkToFit\" height=\"321\" src=\"https:\/\/www.ecestaticos.com\/image\/clipping\/585\/e48a46f0f18ac220ac2438882888bc56\/unica-evidencia-antropologica-encontrada-en-1968-sobre-una-crucifixion.jpg\" style=\"margin-left: auto; margin-right: auto;\" width=\"265\" \/><\/td><\/tr>\n<tr><td class=\"tr-caption\" style=\"text-align: center;\"><b>\u00danica evidencia arqueol\u00f3gica encontrada sobre una crucifixi\u00f3n<\/b><\/td><\/tr>\n<\/tbody><\/table>\n<br \/>\n<h2>\nLas primeras cruces del cristianismo<\/h2>\nEl <b>grafito de Alex\u00e1menos<\/b>\n es un dibujo encontrado en un muro en el monte Palatino, en Roma, \nconsiderado la primera representaci\u00f3n pict\u00f3rica conocida de la \ncrucifixi\u00f3n de Jes\u00fas. No est\u00e1 clara la fecha en que se pint\u00f3, aunque \npodr\u00eda datar del siglo I o II d.C. Lo que s\u00ed parece claro es que se \ntrata de una <b>representaci\u00f3n ir\u00f3nica<\/b> contra los \ncristianos, pues el crucificado tiene cabeza de burro y se puede leer \n\u201cAlex\u00e1menos adora a [su] dios\u201d en referencia, probablemente, al hombre \nque aparece junto a la cruz y que deb\u00eda profesar el cristianismo.<br \/>\n<br \/>\n<br \/>\n<br \/>\n<table align=\"center\" cellpadding=\"0\" cellspacing=\"0\" class=\"tr-caption-container\" style=\"margin-left: auto; margin-right: auto; text-align: center;\"><tbody>\n<tr><td style=\"text-align: center;\"><img alt=\"Delineado del dibujo del grafito de Alex\u00e1menos. \" class=\"news-img-def \" height=\"320\" src=\"https:\/\/www.ecestaticos.com\/image\/clipping\/654\/7eeec217127c45202181eac00d6cd196\/delineado-del-dibujo-del-grafito-de-alexamenos.jpg\" style=\"margin-left: auto; margin-right: auto;\" width=\"241\" \/><\/td><\/tr>\n<tr><td class=\"tr-caption\" style=\"text-align: center;\"><b>Grafito de Alex\u00e1menos<\/b><\/td><\/tr>\n<\/tbody><\/table>\nEn esta \u00e9poca los cristianos nunca representaban a Jesucristo en la cruz, una pr\u00e1ctica que no se extendi\u00f3 hasta bien entrado el <b>siglo IV, <\/b>cuando empieza a aparecer la<b> imagen ic\u00f3nica <\/b>de\n Cristo que ha llegado hasta nuestros d\u00edas. Las primeras \nrepresentaciones de Jes\u00fas de raigambre cristiana, no obstante, datan de \nlos siglos II y III. Se trata de un par de gemas en las que, claramente,\n se ve c\u00f3mo las manos de Jesucristo cuelgan de la cruz, como si \nestuvieran atadas.<br \/>\n<br \/>\n\u00bfQuiere decir esto que los clavos de Jesucristo nunca existieron? No,\n pero tampoco tenemos informaci\u00f3n para pensar lo contrario. \u201cDado que la\n evidencia de la antig\u00fcedad no proporciona una respuesta clara sobre si \nJes\u00fas fue clavado o atado a la cruz, es la tradici\u00f3n la que dicta esta <b>representaci\u00f3n com\u00fan\u201d<\/b>, asegura Warren.<br \/>\nEn el a\u00f1o 337 el <b>emperador Constantino<\/b>\n prohibi\u00f3 la crucifixi\u00f3n como m\u00e9todo de ejecuci\u00f3n en el Imperio Romano, \nno por razones \u00e9ticas, sino por respeto a Jesucristo.<br \/>\nPara entonces el \nrelato m\u00edtico ya se hab\u00eda formado y la leyenda y la historia no han \ndejado de confundirse desde entonces.<br \/>\n<br \/>\n<div style=\"text-align: right;\">\n<span style=\"font-size: xx-small;\">*Tomado de https:\/\/www.elconfidencial.com\/alma-corazon-vida\/2016-03-25\/murio-jesucristo-como-creemos-esta-es-la-verdadera-historia-de-la-crucifixion_1172350\/<\/span> <\/div>\n","protected":false},"excerpt":{"rendered":"<p>&nbsp;<\/p>\n<p>Por guerreropirata*<\/p>\n<p>El Viernes Santo es una de las principales celebraciones del cristianismo, en la que se conmemora la muerte de Jes\u00fas de Nazaret, clavado en una cruz. Pero \u00bfqu\u00e9 cuentan en realidad los Evangelios? \u00bfMuri\u00f3 Cristo tal &#8230;<\/p>\n","protected":false},"author":186,"featured_media":0,"comment_status":"closed","ping_status":"open","sticky":false,"template":"","format":"standard","meta":{"footnotes":""},"categories":[159,4,108,155,1195,206,204,92,22],"tags":[],"class_list":["post-738331","post","type-post","status-publish","format-standard","hentry","category-ateos","category-blogs-colaboradores","category-cristianismo","category-cristianos","category-crucificcion","category-cruz","category-jehova-desenmascarado","category-jesucristo","category-jesus"],"_links":{"self":[{"href":"https:\/\/www.redatea.net\/index.php\/wp-json\/wp\/v2\/posts\/738331","targetHints":{"allow":["GET"]}}],"collection":[{"href":"https:\/\/www.redatea.net\/index.php\/wp-json\/wp\/v2\/posts"}],"about":[{"href":"https:\/\/www.redatea.net\/index.php\/wp-json\/wp\/v2\/types\/post"}],"author":[{"embeddable":true,"href":"https:\/\/www.redatea.net\/index.php\/wp-json\/wp\/v2\/users\/186"}],"replies":[{"embeddable":true,"href":"https:\/\/www.redatea.net\/index.php\/wp-json\/wp\/v2\/comments?post=738331"}],"version-history":[{"count":2,"href":"https:\/\/www.redatea.net\/index.php\/wp-json\/wp\/v2\/posts\/738331\/revisions"}],"predecessor-version":[{"id":738556,"href":"https:\/\/www.redatea.net\/index.php\/wp-json\/wp\/v2\/posts\/738331\/revisions\/738556"}],"wp:attachment":[{"href":"https:\/\/www.redatea.net\/index.php\/wp-json\/wp\/v2\/media?parent=738331"}],"wp:term":[{"taxonomy":"category","embeddable":true,"href":"https:\/\/www.redatea.net\/index.php\/wp-json\/wp\/v2\/categories?post=738331"},{"taxonomy":"post_tag","embeddable":true,"href":"https:\/\/www.redatea.net\/index.php\/wp-json\/wp\/v2\/tags?post=738331"}],"curies":[{"name":"wp","href":"https:\/\/api.w.org\/{rel}","templated":true}]}}