{"id":738333,"date":"2018-01-08T16:47:00","date_gmt":"2018-01-08T15:47:00","guid":{"rendered":"http:\/\/www.redatea.net\/?guid=2b8600b01e6bfff6bc1e9401b7f1c7be"},"modified":"2018-01-08T16:54:52","modified_gmt":"2018-01-08T15:54:52","slug":"la-verdad-sobre-la-estrella-de-belen-2","status":"publish","type":"post","link":"http:\/\/jehovadesenmascarado.blogspot.com\/2018\/01\/la-verdad-sobre-la-estrella-de-belen.html","title":{"rendered":"LA VERDAD SOBRE LA ESTRELLA DE BEL\u00c9N"},"content":{"rendered":"Por guerreropirata*<br \/>\n<br \/>\n<div class=\"separator\" style=\"clear: both; text-align: center;\">\n<a href=\"https:\/\/blogger.googleusercontent.com\/img\/b\/R29vZ2xl\/AVvXsEhtVyAiHKFTlO9Mo7_ASlFoB8NNFKxzAE3PaW9wScF5TpkjefYDHQDVo4ZLukp2QB1ZY_OQx1CRCF5tH4yyilnRYMENumkQG_DDCDnjdmDtRjgwIH1KYvWUVgtwiU73qpAdqEi8WOheRGA\/s1600\/ESTRELLA.jpg\" imageanchor=\"1\" style=\"margin-left: 1em; margin-right: 1em;\"><img border=\"0\" data-original-height=\"639\" data-original-width=\"980\" height=\"208\" src=\"https:\/\/blogger.googleusercontent.com\/img\/b\/R29vZ2xl\/AVvXsEhtVyAiHKFTlO9Mo7_ASlFoB8NNFKxzAE3PaW9wScF5TpkjefYDHQDVo4ZLukp2QB1ZY_OQx1CRCF5tH4yyilnRYMENumkQG_DDCDnjdmDtRjgwIH1KYvWUVgtwiU73qpAdqEi8WOheRGA\/s320\/ESTRELLA.jpg\" width=\"320\" \/><\/a><\/div>\n<div class=\"separator\" style=\"clear: both; text-align: center;\">\n<\/div>\n<br \/>\nDe la estrella de Bel\u00e9n se dice que gui\u00f3 a los Reyes Magos de Oriente hasta el portal donde el ni\u00f1o Jes\u00fas acababa de nacer. <b>Pero, \u00bfqu\u00e9 fue en realidad lo que vieron Melchor, Gaspar y Baltasar? \u00bfS\u00ed fue una estrella? \u00bfO quiz\u00e1 un cometa, una supernova, un meteorito, o una simple conjunci\u00f3n de planetas?<\/b><br \/>\n<br \/>\nPara averiguar cu\u00e1l fue el fen\u00f3meno astron\u00f3mico observado por los Reyes Magos, habr\u00eda primero que establecer la fecha precisa.<b> La Biblia no dice nada sobre el d\u00eda exacto del nacimiento de Jes\u00fas, aunque s\u00ed relaciona el hecho con acontecimientos y personajes hist\u00f3ricos como, por ejemplo, el reinado de Herodes.<\/b><br \/>\nLos historiadores coinciden en que el Rey de Judea debi\u00f3 morir en alg\u00fan momento entre los a\u00f1os 4 y 1 antes de Cristo (A.C.). Y los Reyes Magos lo visitaron poco antes de su muerte, por lo que su viaje (y la aparici\u00f3n de la estrella que los gui\u00f3) tuvo que producirse antes de esas fechas.<br \/>\n<br \/>\n<b>Por otra parte, hay serias dudas de que el nacimiento de Jes\u00fas fuera un 25 de diciembre. En la Biblia, San Lucas habla de la actividad de los pastores de la zona en los d\u00edas del nacimiento, cuidando a sus reba\u00f1os y a los corderos reci\u00e9n nacidos durante la noche, algo que sucede en primavera, y no en pleno invierno.<\/b><br \/>\n<br \/>\n<b>Adem\u00e1s, el 25 de diciembre es precisamente la fecha en que los romanos, que dominaban la regi\u00f3n en aquel tiempo, celebraban sus Saturnales<\/b>, una de sus festividades m\u00e1s importantes y para la que adornaban calles y casas e intercambiaban regalos. <b>No es casualidad que, para evitar ser perseguidos, los primeros cristianos eligieran esa fecha para celebrar el nacimiento de Jesucristo. M\u00e1s tarde, en el siglo IV, cuando el emperador Constantino adopt\u00f3 oficialmente el cristianismo, el 25 de diciembre se conserv\u00f3 como el d\u00eda de la Navidad.<\/b><br \/>\n<br \/>\n<b>Pero volvamos a la ubicaci\u00f3n del a\u00f1o. Los historiadores est\u00e1n de acuerdo en que el nacimiento de Jes\u00fas no se produjo hace 2017 a\u00f1os. <\/b>Esto porque la cronolog\u00eda que utilizamos, la cual divide los a\u00f1os en a. C. (antes de Cristo) y d. C. (despu\u00e9s de Cristo), y que fue concebida por el monje romano Dionisio el Exiguo en 523 d. C., contiene, <b>por lo menos, dos errores significativos: el primero es colocar el a\u00f1o 1 d. C. inmediatamente despu\u00e9s del a\u00f1o 1 a. C., sin pasar por el cero, un n\u00famero esencial en las matem\u00e1ticas actuales y que, de hecho, resta un a\u00f1o a cualquier fecha que queramos considerar.&nbsp;<\/b><br \/>\n<br \/>\n<b>El segundo error es que Dionisio dio por buena la declaraci\u00f3n de Clemente de Alejandr\u00eda de que Jes\u00fas naci\u00f3 en el a\u00f1o 28 del reinado del emperador Cesar Augusto<\/b>, sin tener en cuenta que durante los primeros a\u00f1os de su mandato se le conoci\u00f3 por su nombre original, Octaviano, hasta que el Senado lo proclam\u00f3 como 'Augusto' cuatro a\u00f1os despu\u00e9s. Para cuando se descubri\u00f3 el error, la cronolog\u00eda que a\u00fan hoy utilizamos estaba demasiado implantada como para cambiarla y corregir los cuatro a\u00f1os de desfase.<br \/>\n<br \/>\nEn resumen, teniendo en cuenta estos errores, <b>el nacimiento de Jes\u00fas debi\u00f3 producirse en primavera, y entre los a\u00f1os 7 y 2 a. C.<\/b>, por lo que es en este tiempo en que se debe investigar para comprobar si se produjo en el cielo alg\u00fan acontecimiento capaz de llamar la atenci\u00f3n de los Reyes Magos de Oriente.<br \/>\n<br \/>\nDesde un punto de vista astron\u00f3mico, <b>hay cuatro posibilidades para explicar a la estrella de Bel\u00e9n:&nbsp;<\/b><br \/>\n<br \/>\n<b>1) Meteorito<\/b><br \/>\nEs muy poco probable debido a que los meteoritos, que se convierten en una bola de fuego al entrar en la atm\u00f3sfera, apenas tardan unos segundos antes de desaparecer, y la estrella de Bel\u00e9n brill\u00f3 durante semanas enteras.<br \/>\n<br \/>\n<b>2) Cometa<\/b><br \/>\nSon objetos que, esta vez s\u00ed, pueden brillar en el cielo incluso meses; sin embargo, el m\u00e1s espectacular de todos los cometas conocidos, el Halley, cuya \u00f3rbita lo acerca a la Tierra cada 76 a\u00f1os y que fue visto por \u00faltima vez en 1986, fue visible en Judea durante los meses de agosto y septiembre del a\u00f1o 11 d. C., lo que no coincide con las fechas del nacimiento de Jes\u00fas. Por supuesto, pudo tratarse de otro cometa, uno que pas\u00f3 entonces y que por el momento no ha regresado, algo de lo que no podemos estar seguros.<br \/>\nAdem\u00e1s, en la antig\u00fcedad los cometas eran vistos como se\u00f1ales que anunciaban muerte y destrucci\u00f3n, y no como heraldos del nacimiento de un rey o de un dios. Los romanos, por ejemplo, marcaron la muerte del general Agrippa usando la aparici\u00f3n del Halley en el 11 d.C.<br \/>\n<b><br \/><\/b>\n<b>3) Muerte violenta de una estrella<\/b><br \/>\nEso nos lleva a dos posibilidades: <b>una nova o una supernova.&nbsp;<\/b><br \/>\nUna nova es la forma (una explosi\u00f3n termonuclear) en que una estrella se libera, de golpe, de una excesiva acumulaci\u00f3n de hidr\u00f3geno en su superficie. Es muy espectacular, si la estrella est\u00e1 lo bastante cerca, y su aparici\u00f3n tiene lugar de forma impredecible y en cualquier momento. Las m\u00e1s brillantes aparecen de repente, sin previo aviso, como una nueva y espectacular luz en el cielo. Su brillo, tras algunos d\u00edas, o incluso semanas, se va atenuando hasta desaparecer. <b>En promedio, se produce una nova visible desde nuestro planeta una vez cada veinte a\u00f1os (la \u00faltima fue en 1975)<\/b>, por lo que nada impide que fuera \u00e9ste, y no otro, el fen\u00f3meno visto en Judea por los tres Magos de Oriente.<br \/>\n<br \/>\n<b>Mucho m\u00e1s espectacular, aunque menos frecuente de ver, es una supernova, la explosi\u00f3n catastr\u00f3fica de toda una estrella que llega a su final y cuyo brillo eclipsa incluso al de toda la galaxia que la contiene. <\/b>En el momento de la explosion, una supernova puede ser vista incluso a plena luz del d\u00eda, y su brillo m\u00e1s intenso puede durar meses antes de empezar a decrecer.<br \/>\n<b>Durante los \u00faltimos mil a\u00f1os la humanidad ha sido testigo de cuatro supernovas, en los a\u00f1os 1006, 1054, 1572 y 1604<\/b>. En todos los casos, los cronistas de cada \u00e9poca se refirieron profusamente al fen\u00f3meno. Los chinos, por ejemplo, se\u00f1alan que la supernova del a\u00f1o 1054 fue visible durante dos meses incluso a plena luz del d\u00eda.<br \/>\n<br \/>\nSin embargo no existe en la \u00e9poca del nacimiento de Jes\u00fas ninguna referencia definitiva sobre la s\u00fabita aparici\u00f3n de una luz especialmente intensa en el cielo.<br \/>\nSi sucedi\u00f3, nadie, en ninguna cultura, document\u00f3 el hecho, lo cual parece indicar que debemos buscar la soluci\u00f3n en alguna otra parte.<br \/>\nAlgunos textos chinos hablan de una posible nova en la primavera del a\u00f1o 5 d. C., pero se refieren a ella como a un fen\u00f3meno de poca importancia y de escasa, o ninguna, espectacularidad.<br \/>\n<b><br \/><\/b>\n<b>4) Conjunci\u00f3n Planetaria<\/b><br \/>\nLa \u00faltima (y quiz\u00e1 la m\u00e1s probable) explicaci\u00f3n es la posibilidad de que los tres Magos fueran testigos de una conjunci\u00f3n planetaria especialmente brillante, tanto como para hacerles creer que se trataba de una nueva estrella. Pero, \u00bfhubo alguna conjunci\u00f3n planetaria de este tipo entre los a\u00f1os 7 y 2 A.C.? La respuesta es que s\u00ed. Los astr\u00f3nomos han determinado que, en ese intervalo temporal, se produjeron varios fen\u00f3menos planetarios que podr\u00edan haber sido interpretados como la estrella de Bel\u00e9n.<br \/>\n<br \/>\n<b>El primero de ellos fue en el a\u00f1o 6 A.C.<\/b>, y se produjo entre Marte, J\u00fapiter y Saturno, y sucedi\u00f3 en la constelaci\u00f3n de Piscis. Los tres planetas formaron una brillante figura geom\u00e9trica en el cielo que debi\u00f3 de ser de gran belleza y capaz de llamar la atenci\u00f3n de cualquiera. Otra posibilidad es la 'triple conjunci\u00f3n' de J\u00fapiter y Saturno entre los meses de mayo y diciembre del a\u00f1o 7 A.C. Los 'pasos' de J\u00fapiter sobre Saturno se produjeron el 29 de mayo, el 30 de septiembre y el 5 de diciembre de ese a\u00f1o.<br \/>\n<br \/>\nNo cabe duda de que todos estos eventos fueron perfectamente visibles, pues sucedieron en la cara nocturna de la Tierra. Los dos planetas, adem\u00e1s, brillaron el uno muy cerca del otro durante ocho largos meses, el tiempo que se estima necesario para que los Reyes Magos cubrieran los cerca de mil kil\u00f3metros de distancia entre Babilonia y Judea.<br \/>\n<br \/>\nNo obstante, la que seguramente fue la m\u00e1s brillante de las conjunciones planetarias de esa \u00e9poca fue la que se produjo <b>entre Venus y J\u00fapiter en la constelaci\u00f3n de Leo el 12 de agosto del a\u00f1o 3 A.C.<\/b> Los dos planetas brillaron ese d\u00eda extraordinariamente cerca el uno del otro.<br \/>\n<b>Y cuando Venus se retir\u00f3, J\u00fapiter permaneci\u00f3 junto a Leo por lo menos durante diez meses m\u00e1s, sumando su brillo al de la estrella.<\/b> Si el encuentro de los tres Reyes Magos con Herodes se produjo durante la primavera del 2 A.C., las fechas encajar\u00edan a la perfecci\u00f3n.<br \/>\n<b>De hecho, tras su primer encuentro y despu\u00e9s de que J\u00fapiter y Leo siguieran brillando juntos en el cielo, Venus regres\u00f3 a la zona y se aline\u00f3 con J\u00fapiter en junio del 2 a.C. El d\u00eda 17 de ese mes los brillos de los dos planetas fueron tan intensos que llegaron a confundirse.<\/b><br \/>\n<br \/>\nLos dos planetas bajaron juntos y lentamente hacia el horizonte a medida que sus brillos se iban confundiendo. Hacia las ocho y media de la tarde, hora local de Jerusal\u00e9n, pr\u00e1cticamente se hab\u00edan fundido en un \u00fanico y luminoso astro. En un tiempo en el que no hab\u00eda instrumentos de observaci\u00f3n, ni lentes de sol, es muy probable que los observadores no fueran capaces de distinguir los dos objetos individuales y que s\u00f3lo percibieran un \u00fanico y brillante destello sobre los cielos de Judea.<br \/>\n<br \/>\n\u00bfFue esto lo que vieron los Reyes Magos? Para la ciencia es dif\u00edcil asegurarlo. Lo \u00fanico cierto es que esas alineaciones se produjeron, y que fueron claramente visibles en una \u00e9poca que coincide con la del relato b\u00edblico.<br \/>\n<br \/>\nJuzguen ustedes amigos lectores.<br \/>\n<br \/>\n<div style=\"text-align: right;\">\n<span style=\"font-size: xx-small;\">*Texto original: blogs.abc.es<\/span><\/div>\n","protected":false},"excerpt":{"rendered":"<p>Por guerreropirata*<\/p>\n<p>De la estrella de Bel\u00e9n se dice que gui\u00f3 a los Reyes Magos de Oriente hasta el portal donde el ni\u00f1o Jes\u00fas acababa de nacer. Pero, \u00bfqu\u00e9 fue en realidad lo que vieron Melchor, Gaspar y Baltasar? \u00bfS\u00ed fue una estrella? \u00bfO quiz\u00e1 un&#8230;<\/p>\n","protected":false},"author":186,"featured_media":0,"comment_status":"closed","ping_status":"open","sticky":false,"template":"","format":"standard","meta":{"footnotes":""},"categories":[1569,1635,27,4,221,1632,1633,1398,1091,163,191,160,1634,563,162],"tags":[],"class_list":["post-738333","post","type-post","status-publish","format-standard","hentry","category-25-de-diciembre","category-25-diciembre","category-biblia","category-blogs-colaboradores","category-catolicismo","category-estrella","category-estrella-belen","category-estrella-de-belen","category-evangelio","category-herodes","category-mitos","category-navidad","category-navidad-al-descubierto","category-religiones-al-descubierto","category-reyes-magos"],"_links":{"self":[{"href":"https:\/\/www.redatea.net\/index.php\/wp-json\/wp\/v2\/posts\/738333","targetHints":{"allow":["GET"]}}],"collection":[{"href":"https:\/\/www.redatea.net\/index.php\/wp-json\/wp\/v2\/posts"}],"about":[{"href":"https:\/\/www.redatea.net\/index.php\/wp-json\/wp\/v2\/types\/post"}],"author":[{"embeddable":true,"href":"https:\/\/www.redatea.net\/index.php\/wp-json\/wp\/v2\/users\/186"}],"replies":[{"embeddable":true,"href":"https:\/\/www.redatea.net\/index.php\/wp-json\/wp\/v2\/comments?post=738333"}],"version-history":[{"count":2,"href":"https:\/\/www.redatea.net\/index.php\/wp-json\/wp\/v2\/posts\/738333\/revisions"}],"predecessor-version":[{"id":738557,"href":"https:\/\/www.redatea.net\/index.php\/wp-json\/wp\/v2\/posts\/738333\/revisions\/738557"}],"wp:attachment":[{"href":"https:\/\/www.redatea.net\/index.php\/wp-json\/wp\/v2\/media?parent=738333"}],"wp:term":[{"taxonomy":"category","embeddable":true,"href":"https:\/\/www.redatea.net\/index.php\/wp-json\/wp\/v2\/categories?post=738333"},{"taxonomy":"post_tag","embeddable":true,"href":"https:\/\/www.redatea.net\/index.php\/wp-json\/wp\/v2\/tags?post=738333"}],"curies":[{"name":"wp","href":"https:\/\/api.w.org\/{rel}","templated":true}]}}