{"id":738341,"date":"2016-12-26T05:34:00","date_gmt":"2016-12-26T04:34:00","guid":{"rendered":"http:\/\/www.redatea.net\/?guid=80d53c66bbfa44452f3c5096d54a4544"},"modified":"2016-12-26T05:35:48","modified_gmt":"2016-12-26T04:35:48","slug":"por-que-hay-tantos-dioses-relacionados-con-el-25-de-diciembre-2","status":"publish","type":"post","link":"http:\/\/jehovadesenmascarado.blogspot.com\/2016\/12\/por-que-hay-tantos-dioses-relacionados.html","title":{"rendered":"\u00bfPOR QU\u00c9 HAY TANTOS DIOSES RELACIONADOS CON EL 25 DE DICIEMBRE?"},"content":{"rendered":"Por Santiago Campillo<br \/>\n<br \/>\n<div class=\"separator\" style=\"clear: both; text-align: center;\">\n<a href=\"https:\/\/blogger.googleusercontent.com\/img\/b\/R29vZ2xl\/AVvXsEgkW9mZzJVGHXQepB4jWmNtoAByLiAieIW1anG8DK-jEeFe0ksSaPjkbqSUZzoZJiueDRDqHMaG1BeUzcC53q4mW5lXoSCPYJRv1JITPyELWMoj6DBrEFpIWRYztCCFd_TgcYZgh3F51zo\/s1600\/torchlight-proccssion.jpg\" imageanchor=\"1\" style=\"margin-left: 1em; margin-right: 1em;\"><img border=\"0\" height=\"197\" src=\"https:\/\/blogger.googleusercontent.com\/img\/b\/R29vZ2xl\/AVvXsEgkW9mZzJVGHXQepB4jWmNtoAByLiAieIW1anG8DK-jEeFe0ksSaPjkbqSUZzoZJiueDRDqHMaG1BeUzcC53q4mW5lXoSCPYJRv1JITPyELWMoj6DBrEFpIWRYztCCFd_TgcYZgh3F51zo\/s320\/torchlight-proccssion.jpg\" width=\"320\" \/><\/a><\/div>\n<br \/>\n<i><b>\u00bfQu\u00e9 tiene el 25 de diciembre que se rodea de tantas festividades y \ndioses? Estas fechas relacionadas con el solsticio de invierno han sido \nsiempre objeto de adoraci\u00f3n y celebraci\u00f3n de un ciclo nuevo de la vida, \nque siempre contin\u00faa.<\/b><\/i><br \/>\n<br \/>\nEl 25 de diciembre\n es una fecha muy se\u00f1alada. Para la religi\u00f3n cristiana coincide con la \nNavidad, una festividad en la que se celebra el nacimiento de Cristo. \nPero <b>esta religi\u00f3n no es la \u00fanica que considera (o consideraba) sagrado dicho d\u00eda<\/b>. El 25 de diciembre y los d\u00edas cercanos han sido importantes a lo largo de la historia en diversas culturas.<br \/>\n<div class=\"fb-quote fb_iframe_widget\" style=\"left: -56.5px; position: absolute; top: 385px;\">\n<span style=\"height: 47px; vertical-align: bottom; width: 178px;\"><\/span><\/div>\n<b>El pante\u00f3n romano, por ejemplo, ten\u00eda su propia festividad. Apolo y \nSaturno eran venerados durante el solsticio y el apogeo de sus fiestas \nocurr\u00eda normalmente durante el 25 de diciembre. Huitzilopochtli, en \nM\u00e9xico, tambi\u00e9n era venerado durante estas fechas. Celtas, persas, griegos, sajones, incas e incluso babilonios\n ten\u00edan su propia interpretaci\u00f3n. \u00bfPor qu\u00e9 esta curiosa coincidencia? \nProbablemente nunca encontremos una respuesta que contente a todo el \nmundo pero puede que el culpable no sea otro que el solsticio de \ninvierno.<\/b><br \/>\n<br \/>\n<h2>\n25 de diciembre en otras culturas<div class=\"fb-quote fb_iframe_widget\" style=\"left: 187.5px; position: absolute; top: 806px;\">\n<span style=\"height: 47px; vertical-align: bottom; width: 178px;\"><\/span><\/div>\n<\/h2>\nTanto el 25 de diciembre como fecha inmediatas a este d\u00eda han sido \nconsideradas sagradas o importantes en todo el mundo y a lo largo de la \nhistoria. Esto ha sido utilizado en muchas ocasiones para discutir todo \ntipo de temas religiosos y filos\u00f3ficos. M\u00e1s all\u00e1 de la controversia hay \nque entender que es una fecha escogida, por una raz\u00f3n u otra. Por \nejemplo, en el cristianismo no queda claro, aunque hay varias teor\u00edas, \nsobre <b>por qu\u00e9 se eligi\u00f3 como fecha representativa.&nbsp;<\/b><br \/>\n<b>&nbsp;Lo cierto es que probablemente esta fecha se asentara en el 350 gracias al papa Julio I aunque la natividad podr\u00eda estar celebr\u00e1ndose desde tiempo atr\u00e1s en este d\u00eda.<\/b><br \/>\n<br \/>\nHay historiadores que ven en el <b>25 de diciembre una adaptaci\u00f3n del <i>Natalis Solis Invictis<\/i> romano, una festividad que celebraba el renacimiento de la luz, personificada en el dios Apolo<\/b>. Romana tambi\u00e9n es la <i>Saturnalia<\/i>, una fiesta en honor a Saturno y que duraba una semana, celebr\u00e1ndose el cl\u00edmax durante el 25. Durante las saturnales hab\u00eda intercambio de regalos, se liberaban temporalmente a los esclavos\n y se deten\u00edan las guerras y otras obligaciones. Adem\u00e1s se celebraban \nbanquetes p\u00fablicos y una especie de ambiente de carnaval rodeaba los \nforos romanos. Saturno, en su aspecto de dios de la agricultura era el \nverdadero protagonista por la renovaci\u00f3n del ciclo.<b> <\/b><br \/>\n<br \/>\nPero no solo los romanos ve\u00edan en estas fechas algo especial. La poca \n(pre)historia que nos llega de Babilonia indica que en este pa\u00eds se \ncelebraba tambi\u00e9n el solsticio de invierno probablemente entre nuestros \n21 y 26 de diciembre. Los germanos y escandinavos tambi\u00e9n <b>celebraban un d\u00eda despu\u00e9s, el 26, el nacimiento de Freyr<\/b>, uno de los dioses asociados al sol m\u00e1s importante del pante\u00f3n n\u00f3rdic<i><b>o.<\/b><\/i><br \/>\n<br \/>\n<b>Varios historiadores tambi\u00e9n ven mucha casualidad en la costumbre de decorar un \u00e1rbol perenne, como un abeto, en honor a Yggdrasil, el \u00e1rbol del universo, y los actuales \u00e1rboles de Navidad.<\/b><br \/>\n<br \/>\nPara los germanos esta fiesta era un s\u00edmbolo de la renovaci\u00f3n y de la continuidad de la vida. Tambi\u00e9n celebraban el <i>Modresnach<\/i>, la noche de los sue\u00f1os, durante estas fechas.<br \/>\n<div class=\"fb-quote fb_iframe_widget\" style=\"left: -2px; position: absolute; top: 2344px;\">\n<span style=\"height: 47px; vertical-align: bottom; width: 178px;\"><\/span><\/div>\nLos celtas ve\u00edan en el <i>Grianstad un Gheimhridh<\/i>, el solsticio\n de invierno, un momento de cambio, donde se renovaba el ciclo de la \nvida y era venerado ofreciendo varias vituallas a distintos dioses de la\n fertilidad.<br \/>\n<br \/>\n<b>En el imperio Azteca el advenimiento de Huitzilopochtli, dios del sol y la guerra,\n llegaba durante el solsticio, durante el mes duraba entre el 7 y el 26 \nde diciembre.&nbsp;<\/b><br \/>\n<b>Los Incas tambi\u00e9n celebraban el renacimiento de Inti, el \ndios del sol. Este protagonizaba tambi\u00e9n un mes donde se celebraba el <i>C\u00e1pac Raymi<\/i>.\n En general casi todas las culturas tienen una referencia al solsticio, \nocurrido en torno al 25 de diciembre. <\/b><br \/>\nEs f\u00e1cil ver la relaci\u00f3n con el \nsol, el cambio de ciclo y la implicaci\u00f3n sobre los dioses.<br \/>\n<div class=\"fb-quote fb_iframe_widget\" style=\"left: 267.5px; position: absolute; top: 2615px;\">\n<span style=\"height: 47px; vertical-align: bottom; width: 178px;\"><\/span><\/div>\n<h2>\nEl solsticio de invierno<\/h2>\nEl solsticio de invierno coincide con la noche m\u00e1s larga del a\u00f1o.<br \/>\nEs \nel momento en el que el sol se encuentra en una posici\u00f3n caracter\u00edstica \nen la que comienza a acercarse en su distancia angular del ecuador \nceleste. Esto quiere decir que a partir de este momento <b>los d\u00edas comienzan de nuevo a alargarse hasta el solsticio de verano<\/b>.<br \/>\nPero hay un peque\u00f1o problema. El solsticio de invierno en realidad \nocurre entre los d\u00edas 20 y 23 de nuestro calendario. \u00bfPor qu\u00e9 entonces \nesas referencias al 25 de diciembre o incluso al 26 del mes? La culpa la\n tiene nuestro calendario gregoriano.<br \/>\nEn\n el 45 a.C. el calendario juliano especificaba la celebraci\u00f3n del \nsolsticio durante el 25 de diciembre en Europa. La diferencia (m\u00ednima) \nentre el calendario civil y tropical <b>provocaba que el solsticio no coincidiera siempre con el 25<\/b>.<br \/>\nAs\u00ed cada cuatrocientos a\u00f1os el solsticio se adelantaba unos 3 d\u00edas, \naproximadamente. En 1582, el papa Gregorio XIII decret\u00f3 el cambio \nobligatorio de calendario, cerr\u00e1ndose la fecha, gracias a los ajustes, \nen torno al 21 de diciembre con una variaci\u00f3n de solo un d\u00eda cada 3000 \na\u00f1os.<br \/>\nOtras culturas celebran el solsticio, bien en 25 de diciembre o en\n su m\u00e1s ajustada fecha <b>entre el 21 o 23<\/b>, y casi todas asociadas a una divinidad, como ve\u00edamos antes.<br \/>\nDesde el resurgimiento de Amaterasu, la diosa Sol de Jap\u00f3n, pasando por el <i>Chaomos<\/i> pakistan\u00ed donde se ofrecen oraciones a Dezao; el <i>Khore ruz<\/i> o d\u00eda del Sol del mazde\u00edsmo, el <i>Goru<\/i> de Mali; el <i>Junkanoo<\/i> jamaicano o el <i>Hogmanay<\/i>\n escoc\u00e9s, en todo el mundo el solsticio de invierno es una fecha \nse\u00f1alada y muy importante, indicativa de un cambio profundo en el ciclo \nde la vida. Algo que hoy d\u00eda todav\u00eda celebramos bien sea mediante la \nnavidad o alguna celebraci\u00f3n similar. Lo importante es que todas estas \nfiestas y dioses parecen compartir algo enterrado en lo m\u00e1s profundo de \nla naturaleza humana.<br \/>\n<br \/>","protected":false},"excerpt":{"rendered":"<p>Por Santiago Campillo<\/p>\n<p>\u00bfQu\u00e9 tiene el 25 de diciembre que se rodea de tantas festividades y<br \/>\ndioses? Estas fechas relacionadas con el solsticio de invierno han sido<br \/>\nsiempre objeto de adoraci\u00f3n y celebraci\u00f3n de un ciclo nuevo de la vida,<br \/>\nque siempre&#8230;<\/p>\n","protected":false},"author":186,"featured_media":0,"comment_status":"closed","ping_status":"open","sticky":false,"template":"","format":"standard","meta":{"footnotes":""},"categories":[1569,1570,4,995,1571,1572,160,1573,993,188,563,1505,1574],"tags":[],"class_list":["post-738341","post","type-post","status-publish","format-standard","hentry","category-25-de-diciembre","category-aztecas","category-blogs-colaboradores","category-dioses","category-germanos","category-incas","category-navidad","category-nordicos","category-otras-religiones","category-religiones","category-religiones-al-descubierto","category-religiones-descubiertas","category-semidioses"],"_links":{"self":[{"href":"https:\/\/www.redatea.net\/index.php\/wp-json\/wp\/v2\/posts\/738341","targetHints":{"allow":["GET"]}}],"collection":[{"href":"https:\/\/www.redatea.net\/index.php\/wp-json\/wp\/v2\/posts"}],"about":[{"href":"https:\/\/www.redatea.net\/index.php\/wp-json\/wp\/v2\/types\/post"}],"author":[{"embeddable":true,"href":"https:\/\/www.redatea.net\/index.php\/wp-json\/wp\/v2\/users\/186"}],"replies":[{"embeddable":true,"href":"https:\/\/www.redatea.net\/index.php\/wp-json\/wp\/v2\/comments?post=738341"}],"version-history":[{"count":2,"href":"https:\/\/www.redatea.net\/index.php\/wp-json\/wp\/v2\/posts\/738341\/revisions"}],"predecessor-version":[{"id":738561,"href":"https:\/\/www.redatea.net\/index.php\/wp-json\/wp\/v2\/posts\/738341\/revisions\/738561"}],"wp:attachment":[{"href":"https:\/\/www.redatea.net\/index.php\/wp-json\/wp\/v2\/media?parent=738341"}],"wp:term":[{"taxonomy":"category","embeddable":true,"href":"https:\/\/www.redatea.net\/index.php\/wp-json\/wp\/v2\/categories?post=738341"},{"taxonomy":"post_tag","embeddable":true,"href":"https:\/\/www.redatea.net\/index.php\/wp-json\/wp\/v2\/tags?post=738341"}],"curies":[{"name":"wp","href":"https:\/\/api.w.org\/{rel}","templated":true}]}}