{"id":738347,"date":"2016-12-04T04:11:00","date_gmt":"2016-12-04T03:11:00","guid":{"rendered":"http:\/\/www.redatea.net\/?guid=dfd2314dfd3421ce471b9a25bd0c890b"},"modified":"2016-12-04T04:27:33","modified_gmt":"2016-12-04T03:27:33","slug":"donde-y-cuando-nacio-satanas-2","status":"publish","type":"post","link":"http:\/\/jehovadesenmascarado.blogspot.com\/2016\/12\/donde-y-cuando-nacio-satanas.html","title":{"rendered":"\u00bfDONDE Y CUANDO NACIO SATANAS?"},"content":{"rendered":"<b>Por guerreropirata*<\/b><br \/>\n<div class=\"separator\" style=\"clear: both; text-align: center;\">\n<a href=\"https:\/\/blogger.googleusercontent.com\/img\/b\/R29vZ2xl\/AVvXsEhUPf2WfEIl9QfYCRcTXyA25oLuFRPaFapZoV5NeCdjN9xuBX6mFuJ4WEHbPjwdxRafKi7-HCyl13YFLy9Q0JN-oMA-fN_YIEPZldIFYqWGQzKID0r_5WeorgQjq_61z26oosNXim3XZtw\/s1600\/satanas_0.jpg\" imageanchor=\"1\" style=\"margin-left: 1em; margin-right: 1em;\"><img border=\"0\" height=\"240\" src=\"https:\/\/blogger.googleusercontent.com\/img\/b\/R29vZ2xl\/AVvXsEhUPf2WfEIl9QfYCRcTXyA25oLuFRPaFapZoV5NeCdjN9xuBX6mFuJ4WEHbPjwdxRafKi7-HCyl13YFLy9Q0JN-oMA-fN_YIEPZldIFYqWGQzKID0r_5WeorgQjq_61z26oosNXim3XZtw\/s320\/satanas_0.jpg\" width=\"320\" \/><\/a><\/div>\n\u00bfCu\u00e1l es el origen de Satan\u00e1s, el enemigo declarado del Dios cristiano?<br \/>\n<br \/>\nExplicar<b> la presencia del mal en el mundo es una meta tan antigua como la propia humanidad<\/b>: enfermedades,\n desgracias personales, cat\u00e1strofes naturales... siempre han sido \ncausadas por esp\u00edritus que podr\u00edamos catalogar de crueles y malvados, \npero ninguno ha sido elevado a la categor\u00eda de encarnaci\u00f3n del mal puro:\n las religiones griega y romana no conoc\u00edan al Diablo, entre los 400 \ndioses celtas no hab\u00eda sitio para el Maligno, lo mismo que en las \nreligiones africanas no influidas por los misioneros, en los Indios de Am\u00e9rica del Norte, ni siquiera en el sinto\u00edsmo, budismo, tao\u00edsmo...<br \/>\n<br \/>\n<div class=\"roba2_movil custom_param\">\n<div id=\"muy_roba2_movil_cultura\">\n<\/div>\n<\/div>\n<div id=\"paragraph_2\">\nEn los libros sagrados hebreos <b>Sat\u00e1n nunca aparece como l\u00edder de un imperio del mal que ha declarado la guerra a Dios y a la humanidad<\/b>: esto s\u00f3lo ocurre en el cristianismo.<br \/>\nQuien<b> sent\u00f3 las bases de la satanolog\u00eda<\/b> cristiana fue<b> el autor del Evangelio de Juan, sus cartas y el Apocalipsis<\/b>.\n Es Juan quien lo nombra se\u00f1or del mundo y causante de todas las \nacciones malas. Pero la llegada del Hijo de Dios quebrant\u00f3 este dominio \ndiab\u00f3lico.<br \/>\n<br \/>\nCuriosamente, una de las m\u00e1s terribles sentencias de su Evangelio es la afirmaci\u00f3n de que<b> los jud\u00edos&nbsp;son hijos del diablo.<\/b>\n Si no tuvieron bastante con ser acusados de deicidio, que el Jes\u00fas de \nJuan les dijera \u201cproced\u00e9is del diablo, que es vuestro padre\u201d dio carta \nblanca a los cristianos para<b> perseguirlos, diezmarlos y humillarlos durante siglos.<\/b>&nbsp;\n El enfrentamiento entre el Bien y el Mal, heredado de las leyendas \njud\u00edas del siglo I a. C., ha marcado al cristianismo hasta extremos \nincre\u00edbles. Ahora bien, \u00bfde d\u00f3nde vino este dualismo?.<br \/>\n<br \/>\n<b>La demonolog\u00eda jud\u00eda bebi\u00f3 profusamente de la visi\u00f3n irania del mundo<\/b>: demonios, \u00e1ngeles y arc\u00e1ngeles nacen en Ir\u00e1n en 500 a. C. Y si hay que se\u00f1alar a un culpable, \u00e9se es&nbsp;<b>Zaratustra o Zoroastro<\/b>,\n un hombre del que se sabe muy poco pero que cambi\u00f3 el polite\u00edsmo \nimperante en esa regi\u00f3n por Ahura Mazda, el se\u00f1or \u00fanico: he aqu\u00ed el \ncomienzo del&nbsp;monote\u00edsmo.<br \/>\nPara no eliminar a los viejos dioses los convierte en emanaciones de Ahura Mazda, los \u00e1ngeles.<br \/>\nEntre ellos, los dos m\u00e1s poderosos: el bueno&nbsp;<i>Spenta Manyu<\/i>&nbsp;y el malo&nbsp;<i>Angra Manyu<\/i>. Al principio ambos eran la cara y la cruz de la moneda pero al final&nbsp;<b>Angra acab\u00f3 por convertirse en un antidi\u00f3s, el enemigo declarado de Ahura Mazda<\/b>. Se puede decir m\u00e1s alto pero no m\u00e1s claro:&nbsp;<b>Satan\u00e1s naci\u00f3 en Ir\u00e1n en el siglo VI a. C. <\/b><br \/>\n<br \/>\n<div style=\"text-align: right;\">\n<span style=\"font-size: x-small;\"><b>*Tomado de http:\/\/www.muyinteresante.es <\/b><\/span><\/div>\n<br \/><\/div>\n","protected":false},"excerpt":{"rendered":"<p>Por guerreropirata*<\/p>\n<p>\u00bfCu\u00e1l es el origen de Satan\u00e1s, el enemigo declarado del Dios cristiano?<\/p>\n<p>Explicar la presencia del mal en el mundo es una meta tan antigua como la propia humanidad: enfermedades,<br \/>\n desgracias personales, cat\u00e1strofes naturales&#8230; si&#8230;<\/p>\n","protected":false},"author":186,"featured_media":0,"comment_status":"closed","ping_status":"open","sticky":false,"template":"","format":"standard","meta":{"footnotes":""},"categories":[27,4,155,562,174,40,178,72],"tags":[],"class_list":["post-738347","post","type-post","status-publish","format-standard","hentry","category-biblia","category-blogs-colaboradores","category-cristianos","category-demonio","category-diablo","category-dios","category-satan","category-satanas"],"_links":{"self":[{"href":"https:\/\/www.redatea.net\/index.php\/wp-json\/wp\/v2\/posts\/738347","targetHints":{"allow":["GET"]}}],"collection":[{"href":"https:\/\/www.redatea.net\/index.php\/wp-json\/wp\/v2\/posts"}],"about":[{"href":"https:\/\/www.redatea.net\/index.php\/wp-json\/wp\/v2\/types\/post"}],"author":[{"embeddable":true,"href":"https:\/\/www.redatea.net\/index.php\/wp-json\/wp\/v2\/users\/186"}],"replies":[{"embeddable":true,"href":"https:\/\/www.redatea.net\/index.php\/wp-json\/wp\/v2\/comments?post=738347"}],"version-history":[{"count":2,"href":"https:\/\/www.redatea.net\/index.php\/wp-json\/wp\/v2\/posts\/738347\/revisions"}],"predecessor-version":[{"id":738563,"href":"https:\/\/www.redatea.net\/index.php\/wp-json\/wp\/v2\/posts\/738347\/revisions\/738563"}],"wp:attachment":[{"href":"https:\/\/www.redatea.net\/index.php\/wp-json\/wp\/v2\/media?parent=738347"}],"wp:term":[{"taxonomy":"category","embeddable":true,"href":"https:\/\/www.redatea.net\/index.php\/wp-json\/wp\/v2\/categories?post=738347"},{"taxonomy":"post_tag","embeddable":true,"href":"https:\/\/www.redatea.net\/index.php\/wp-json\/wp\/v2\/tags?post=738347"}],"curies":[{"name":"wp","href":"https:\/\/api.w.org\/{rel}","templated":true}]}}