{"id":738349,"date":"2016-02-19T20:05:00","date_gmt":"2016-02-19T19:05:00","guid":{"rendered":"http:\/\/www.redatea.net\/?guid=1305a2c3671f6d02c047c65a62bec09d"},"modified":"2016-02-19T20:06:43","modified_gmt":"2016-02-19T19:06:43","slug":"la-raiz-de-todo-mal-el-virus-de-la-fe-2","status":"publish","type":"post","link":"http:\/\/jehovadesenmascarado.blogspot.com\/2016\/02\/la-raiz-de-todo-mal-el-virus-de-la-fe.html","title":{"rendered":"LA RAIZ DE TODO MAL??: EL VIRUS DE LA F\u00c9.."},"content":{"rendered":"<b>Por guerreropirata<\/b><br \/>\n<br \/>\nSegunda parte del documental de Richard Dawkins: La Ra\u00edz de Todo Mal; en donde se hace un an\u00e1lisis de como la religi\u00f3n y la f\u00e9 ciega es el principio de todos los males.<br \/>\n<br \/>\n<b> <\/b><br \/>\nLes comparto el video en un solo link... Disfr\u00fatenlo...y comenten...<br \/>\n<b><\/b><br \/>\n<div class=\"separator\" style=\"clear: both; text-align: center;\">\n<iframe allowfullscreen=\"\" class=\"YOUTUBE-iframe-video\" data-thumbnail-src=\"https:\/\/i.ytimg.com\/vi\/ndeegYY2tXM\/0.jpg\" frameborder=\"0\" height=\"266\" src=\"https:\/\/www.youtube.com\/embed\/ndeegYY2tXM?feature=player_embedded\" width=\"320\"><\/iframe><\/div>\n<b><\/b><br \/>","protected":false},"excerpt":{"rendered":"<p>Por guerreropirata<\/p>\n<p>Segunda parte del documental de Richard Dawkins: La Ra\u00edz de Todo Mal; en donde se hace un an\u00e1lisis de como la religi\u00f3n y la f\u00e9 ciega es el principio de todos los males.<\/p>\n<p>Les comparto el video en un solo link&#8230; Disfr\u00fatenlo&#8230;y com&#8230;<\/p>\n","protected":false},"author":186,"featured_media":0,"comment_status":"closed","ping_status":"open","sticky":false,"template":"","format":"standard","meta":{"footnotes":""},"categories":[4,187,40,348,175,204,1535,559,133,1536],"tags":[],"class_list":["post-738349","post","type-post","status-publish","format-standard","hentry","category-blogs-colaboradores","category-dawkins","category-dios","category-fe","category-jehova","category-jehova-desenmascarado","category-la-raiz-de-todo-mal","category-richard-dawnkis","category-videos","category-virus-de-la-fe"],"_links":{"self":[{"href":"https:\/\/www.redatea.net\/index.php\/wp-json\/wp\/v2\/posts\/738349","targetHints":{"allow":["GET"]}}],"collection":[{"href":"https:\/\/www.redatea.net\/index.php\/wp-json\/wp\/v2\/posts"}],"about":[{"href":"https:\/\/www.redatea.net\/index.php\/wp-json\/wp\/v2\/types\/post"}],"author":[{"embeddable":true,"href":"https:\/\/www.redatea.net\/index.php\/wp-json\/wp\/v2\/users\/186"}],"replies":[{"embeddable":true,"href":"https:\/\/www.redatea.net\/index.php\/wp-json\/wp\/v2\/comments?post=738349"}],"version-history":[{"count":1,"href":"https:\/\/www.redatea.net\/index.php\/wp-json\/wp\/v2\/posts\/738349\/revisions"}],"predecessor-version":[{"id":738350,"href":"https:\/\/www.redatea.net\/index.php\/wp-json\/wp\/v2\/posts\/738349\/revisions\/738350"}],"wp:attachment":[{"href":"https:\/\/www.redatea.net\/index.php\/wp-json\/wp\/v2\/media?parent=738349"}],"wp:term":[{"taxonomy":"category","embeddable":true,"href":"https:\/\/www.redatea.net\/index.php\/wp-json\/wp\/v2\/categories?post=738349"},{"taxonomy":"post_tag","embeddable":true,"href":"https:\/\/www.redatea.net\/index.php\/wp-json\/wp\/v2\/tags?post=738349"}],"curies":[{"name":"wp","href":"https:\/\/api.w.org\/{rel}","templated":true}]}}