{"id":738359,"date":"2015-07-18T18:17:00","date_gmt":"2015-07-18T17:17:00","guid":{"rendered":"http:\/\/www.redatea.net\/?guid=78ce505810e6fdfeb957219263f5bfbf"},"modified":"2015-07-18T18:17:30","modified_gmt":"2015-07-18T17:17:30","slug":"la-maldicion-de-los-banqueros-de-dios-2","status":"publish","type":"post","link":"http:\/\/jehovadesenmascarado.blogspot.com\/2015\/07\/la-maldicion-de-los-banqueros-de-dios.html","title":{"rendered":"LA MALDICION DE LOS BANQUEROS DE DIOS"},"content":{"rendered":"Por guerreropirata*<br \/>\n<br \/>\n<div class=\"separator\" style=\"clear: both; text-align: center;\">\n<a href=\"https:\/\/blogger.googleusercontent.com\/img\/b\/R29vZ2xl\/AVvXsEj2w6LmMvhNnEA9HVdQIyDu0xpJEfjAV3WPwrDveK2xxamgt4c7Sk3-rQz52LRt6RpsB62vouPS5JfUJbdJWfCUV0IQ8CnanODTOfSrrUkVKSWRN1km3m1K2zeY8WtfBBsSfeC6zA7Y6uA\/s1600\/vati2.jpg\" imageanchor=\"1\" style=\"margin-left: 1em; margin-right: 1em;\"><img border=\"0\" height=\"161\" src=\"https:\/\/blogger.googleusercontent.com\/img\/b\/R29vZ2xl\/AVvXsEj2w6LmMvhNnEA9HVdQIyDu0xpJEfjAV3WPwrDveK2xxamgt4c7Sk3-rQz52LRt6RpsB62vouPS5JfUJbdJWfCUV0IQ8CnanODTOfSrrUkVKSWRN1km3m1K2zeY8WtfBBsSfeC6zA7Y6uA\/s320\/vati2.jpg\" width=\"320\" \/><\/a><\/div>\n<br \/>\n<h4>\nLos sectores del Vaticano que acosaron a Benedicto XVI plantan cara \nal papa Francisco por su intento de limpiar las finanzas y levantar el \nsecreto bancario..<\/h4>\n&nbsp;Es dif\u00edcil llegar al cielo siendo banquero de Dios. Ese t\u00edtulo, atribuido a quienes han dirigido el Instituto para las Obras de Religi\u00f3n\n (el IOR o banco del Vaticano) desde que P\u00edo XII lo fund\u00f3 en 1943, suele\n ser m\u00e1s bien una autopista en el sentido contrario.<br \/>\n<b>Ah\u00ed est\u00e1 el \nrecuerdo de monse\u00f1or Paul Marcinkus, a quien Juan Pablo II protegi\u00f3 de \nla justicia italiana escondi\u00e9ndolo en el Vaticano y cuyos dos \nprincipales aliados, el abogado de la mafia Michele Sindona y el \nbanquero Roberto Calvi, fueron asesinados.&nbsp;<\/b><br \/>\n<br \/>\nAl primero le sirvieron un \ncaf\u00e9 con cianuro en la c\u00e1rcel y al segundo lo colgaron de un puente de \nLondres. Tales antecedentes debieron de pesar en el \u00e1nimo de Ettore \nGotti Tedeschi, el economista que Benedicto XVI situ\u00f3 en 2009 al frente \ndel IOR para limpiar las finanzas vaticanas, hasta el punto de que, tras percatarse de lo que escond\u00edan algunas de las 24.000 cuentas opacas del banco,\n redact\u00f3 un expediente con documentaci\u00f3n sensible, se lo entreg\u00f3 a dos \namigos \u00edntimos y les dijo: \u201cSi me asesinan, aqu\u00ed est\u00e1 la raz\u00f3n de mi \nmuerte\u201d.<br \/>\n<br \/>\nNo lo asesinaron, pero los mismos jerarcas de la Iglesia que acosaron\n a Joseph Ratzinger en cuanto busc\u00f3 la transparencia financiera, se \ndeshicieron del banquero de Dios acus\u00e1ndolo de vago y hasta de loco. \nAhora, rehabilitado por la justicia italiana pero a\u00fan no por el \nVaticano, Gotti Tedeschi advierte de que, <b>a pesar de los esfuerzos del papa Francisco, el IOR sigue siendo la guarida de muchos secretos inconfesables: \u201cEl caso <em>Vatileaks<\/em>\n [la fuga de documentos que culmin\u00f3 en febrero de 2013 con la renuncia \nal papado de Ratzinger] no ha sido todav\u00eda explicado. Es una parte de la\n historia de la Iglesia que corre el riesgo de permanecer oscura. \nAlgunos de los responsables contin\u00faan trabajando en el Vaticano\u201d.<\/b><br \/>\n<br \/>\n\nLa reacci\u00f3n de Gotti Tedeschi se produce semanas despu\u00e9s de que \nmonse\u00f1or George Pell, el cardenal australiano a quien Jorge Mario \nBergoglio ha otorgado un poder casi absoluto para supervisar todos los departamentos\n financieros del Vaticano \u2014incluido el IOR\u2014, empezara a sufrir una \ncacer\u00eda similar a la que sufri\u00f3 \u00e9l. Parecida en las armas \u2014la filtraci\u00f3n\n de documentos reservados para minar su prestigio\u2014 y tambi\u00e9n en el \nmotivo: tanto Gotti Tedeschi, por orden de Ratzinger, como ahora Pell, \npor orden de Bergoglio, <b>est\u00e1n dispuestos a colaborar con las autoridades\n italianas y europeas para evitar de una vez que la Santa Sede deje de ser un para\u00edso fiscal en el centro de Roma\n y adopte los procedimientos internacionales contra el blanqueo de \ncapitales y la financiaci\u00f3n del terrorismo<\/b>.<br \/>\n<br \/>\nLo de menos \u2014para quienes \ndesde dentro del Vaticano se siguen oponiendo a la transparencia\u2014 es que\n de las 21.000 cuentas que hab\u00eda en el IOR en 2009 ahora ya solo queden \n15.000, sino que a Pell se le ocurra colaborar con el Gobierno italiano,\n con el que acaba de alcanzar un acuerdo fiscal, e incluso pasarle \ninformaci\u00f3n sobre los propietarios y los movimientos de las cuentas \nhasta ahora opacas. Ello ser\u00eda considerado una traici\u00f3n al secretismo \nvaticano que ya perpetr\u00f3 Gotti Tedeschi en 2010, cuando la fiscal\u00eda de \nRoma secuestr\u00f3 23 millones que el IOR ten\u00eda depositados en un banco \nitaliano, y del que tambi\u00e9n creen capaz al cardenal australiano, quien \nel pasado mes de diciembre desvel\u00f3 que hab\u00eda encontrado cientos de \nmillones de euros escondidos.<br \/>\n<br \/>\nDurante una entrevista al semanario brit\u00e1nico <em>Catholic Herald<\/em>,\n el arzobispo de Sidney dejaba caer una frase \u2014mitad c\u00e1ndida, mitad \nmal\u00e9vola\u2014 que resum\u00eda muy bien el desbarajuste vaticano: \u201cHemos \ndescubierto que las cuentas est\u00e1n mucho m\u00e1s sanas de lo que parec\u00eda, y \nesto es porque algunos cientos de millones de euros hab\u00edan sido \nescondidos en cuentas particulares que no hab\u00edan aparecido en el \nbalance\u201d. La explicaci\u00f3n que ofreci\u00f3 del sorprendente hallazgo dejaba a \nlas claras que los 253 organismos que dependen de la Santa Sede act\u00faan, \nen lo que a las cuestiones econ\u00f3micas se refiere, sin ning\u00fan tipo de \ncontrol: \u201cLas congregaciones, los consejos pontificios y especialmente \nla Secretar\u00eda de Estado se han beneficiado y han defendido su \nindependencia. Los problemas se discut\u00edan en casa\u2026 y eran muy pocos los \nque sent\u00edan la tentaci\u00f3n de decir al mundo lo que estaba pasando, a \nexcepci\u00f3n de cuando necesitaban ayuda\u201d.<br \/>\n<br \/>\n\nEl cardenal australiano admit\u00eda en aquella pol\u00e9mica entrevista que personajes \u201csin escr\u00fapulos\u201d\n se hab\u00edan beneficiado de la \u201cingenuidad financiera\u201d del Vaticano para \nblanquear dinero sucio. Una ingenuidad que, atendiendo al pasado del \nIOR, solo existe en la mente de Pell. A nadie se le escapa que el banco \nde la Santa Sede fue durante d\u00e9cadas el escondite m\u00e1s seguro para el \ndinero sucio de la pol\u00edtica italiana e incluso de la mafia.<br \/>\n<br \/>\nHasta la \nmisteriosa muerte de Juan Pablo I \u2014ocurrida 33 d\u00edas despu\u00e9s de ser \nelegido\u2014 fue atribuida al miedo del cardenal Marcinkus ante un pont\u00edfice\n que con toda seguridad intentar\u00eda acabar con esa p\u00e1gina vergonzosa de \nla Iglesia. Su sucesor, Juan Pablo II, no solo no indag\u00f3, sino que \nutiliz\u00f3 el banco y a las conexiones del cardenal Marcinkus con el banco \nAmbrosiano para financiar su guerra contra el comunismo, enviando \nverdaderas fortunas al sindicato polaco Solidaridad y las organizaciones\n anticomunistas de Centroam\u00e9rica. A cambio, Marcinkus segu\u00eda haciendo de\n su capa un sayo con el IOR.<br \/>\n<br \/>\n<h3 class=\"texto_grande\">\n<b>Juan Pablo II lo utiliz\u00f3 para financiar su guerra contra el comunismo<\/b><\/h3>\nUn desbarajuste demasiado antiguo\n y demasiado grande para que, a pesar de intentarlo, un Papa d\u00e9bil como \nBenedicto XVI consiguiera arreglarlo. La causa efecto entre su intento \nde limpiar el IOR y el acoso que sufri\u00f3 y que desemboc\u00f3 en su renuncia \nparece cada vez m\u00e1s clara. De ah\u00ed que Gotti Tedeschi, no sin cierta \namargura, avise al cardenal Pell de un peligro que sigue estando \nvigente. Quienes, mediante robos de documentos y guerras de poder, \nforzaron la renuncia de Ratzinger, trabajan a\u00fan en el Vaticano bajo las \n\u00f3rdenes de Bergoglio. Seguir\u00e1n intentando que la luz no llegue hasta los\n secretos m\u00e1s inconfesables del dinero de la Iglesia.<br \/>\n<br \/>\n\n<div class=\"centro\" id=\"sumario_3|html\">\n<a href=\"https:\/\/www.blogger.com\/null\" name=\"sumario_3\"><\/a><\/div>\n<div style=\"text-align: right;\">\n&nbsp;<span style=\"font-size: x-small;\">*Tomado de http:\/\/economia.elpais.com\/economia\/2015\/04\/18\/actualidad\/1429375817_190309.html<\/span><\/div>\n","protected":false},"excerpt":{"rendered":"<p>Por guerreropirata*<\/p>\n<p>Los sectores del Vaticano que acosaron a Benedicto XVI plantan cara<br \/>\nal papa Francisco por su intento de limpiar las finanzas y levantar el<br \/>\nsecreto bancario..<br \/>\n&nbsp;Es dif\u00edcil llegar al cielo siendo banquero de Dios. Ese t\u00edtul&#8230;<\/p>\n","protected":false},"author":186,"featured_media":0,"comment_status":"closed","ping_status":"open","sticky":false,"template":"","format":"standard","meta":{"footnotes":""},"categories":[1504,4,846,204,563,1505,384],"tags":[],"class_list":["post-738359","post","type-post","status-publish","format-standard","hentry","category-banco-vaticano","category-blogs-colaboradores","category-dinero","category-jehova-desenmascarado","category-religiones-al-descubierto","category-religiones-descubiertas","category-vaticano"],"_links":{"self":[{"href":"https:\/\/www.redatea.net\/index.php\/wp-json\/wp\/v2\/posts\/738359","targetHints":{"allow":["GET"]}}],"collection":[{"href":"https:\/\/www.redatea.net\/index.php\/wp-json\/wp\/v2\/posts"}],"about":[{"href":"https:\/\/www.redatea.net\/index.php\/wp-json\/wp\/v2\/types\/post"}],"author":[{"embeddable":true,"href":"https:\/\/www.redatea.net\/index.php\/wp-json\/wp\/v2\/users\/186"}],"replies":[{"embeddable":true,"href":"https:\/\/www.redatea.net\/index.php\/wp-json\/wp\/v2\/comments?post=738359"}],"version-history":[{"count":2,"href":"https:\/\/www.redatea.net\/index.php\/wp-json\/wp\/v2\/posts\/738359\/revisions"}],"predecessor-version":[{"id":738566,"href":"https:\/\/www.redatea.net\/index.php\/wp-json\/wp\/v2\/posts\/738359\/revisions\/738566"}],"wp:attachment":[{"href":"https:\/\/www.redatea.net\/index.php\/wp-json\/wp\/v2\/media?parent=738359"}],"wp:term":[{"taxonomy":"category","embeddable":true,"href":"https:\/\/www.redatea.net\/index.php\/wp-json\/wp\/v2\/categories?post=738359"},{"taxonomy":"post_tag","embeddable":true,"href":"https:\/\/www.redatea.net\/index.php\/wp-json\/wp\/v2\/tags?post=738359"}],"curies":[{"name":"wp","href":"https:\/\/api.w.org\/{rel}","templated":true}]}}