{"id":738361,"date":"2015-07-18T18:05:00","date_gmt":"2015-07-18T17:05:00","guid":{"rendered":"http:\/\/www.redatea.net\/?guid=137085eb39d4dc341644376f1985ab95"},"modified":"2015-07-18T18:17:52","modified_gmt":"2015-07-18T17:17:52","slug":"el-vaticano-saca-a-la-luz-sus-millones-ocultos-2","status":"publish","type":"post","link":"http:\/\/jehovadesenmascarado.blogspot.com\/2015\/07\/el-vaticano-saca-la-luz-sus-millones.html","title":{"rendered":"EL VATICANO SACA A LA LUZ SUS MILLONES OCULTOS"},"content":{"rendered":"&nbsp;Por guerreropirata*<br \/>\n<br \/>\n<div class=\"separator\" style=\"clear: both; text-align: center;\">\n<a href=\"https:\/\/blogger.googleusercontent.com\/img\/b\/R29vZ2xl\/AVvXsEhq2-wWep8OTU0fbUy-y8XKxs5WyaYHIPoZlQwdY_E1hOpBU-6Zg_n3hMRrVWrlLQVRh_CmRk8Ya01X1-atHLq2sJA94l7wfo1Iir3qMz_2t5Rl7YZ3EvvIpvf1lf8pexts9tbdF13FUvE\/s1600\/VATI.jpg\" imageanchor=\"1\" style=\"margin-left: 1em; margin-right: 1em;\"><img border=\"0\" height=\"240\" src=\"https:\/\/blogger.googleusercontent.com\/img\/b\/R29vZ2xl\/AVvXsEhq2-wWep8OTU0fbUy-y8XKxs5WyaYHIPoZlQwdY_E1hOpBU-6Zg_n3hMRrVWrlLQVRh_CmRk8Ya01X1-atHLq2sJA94l7wfo1Iir3qMz_2t5Rl7YZ3EvvIpvf1lf8pexts9tbdF13FUvE\/s320\/VATI.jpg\" width=\"320\" \/><\/a><\/div>\n<br \/>\n<h3 class=\"f17 mb5px\">\nAl dar a conocer su balance anual, la Santa Sede \nrevel\u00f3 ayer que sus dependencias ocultaban unos mil 100 millones de \neuros, aunque asegur\u00f3 que esa pr\u00e1ctica no representa un delito(..)<\/h3>\nEL VATICANO, 17 de julio.\u2013 Dependencias del Vaticano ten\u00edan \nm\u00e1s de mil millones de euros que no fueron declarados en el balance \ngeneral antes del lanzamiento el a\u00f1o pasado de nuevas normas contables, \nseg\u00fan un comunicado del Departamento Financiero de la Santa Sede \npublicado ayer.<br \/>\nEl responsable designado para sanear las finanzas del \nVaticano dijo en diciembre pasado que las dependencias hab\u00edan \n\u201cescondido\u201d millones de euros y seguido \u201cpatrones establecidos por largo\n tiempo\u201d, en lo que consider\u00f3 un manejo celoso de sus asuntos por no \ninformarlos a ninguna oficina contable.<br \/>\nEl comunicado de ayer mostr\u00f3 que esos fondos ascendieron a \nunos mil 100 millones de euros (unos mil 200 millones de d\u00f3lares), en la\n primera vez que el Vaticano cuantifica dinero no declarado, descubierto\n despu\u00e9s de que el cardenal George Pell asumi\u00f3 el recientemente creado \ncargo de ministro de Econom\u00eda.<br \/>\n<br \/>\nAs\u00ed, el patrimonio del Vaticano aument\u00f3 en 939 millones de euros entre 2013 y 2014.<br \/>\nEl papa Francisco nombr\u00f3 a Pell para supervisar las confusas\n finanzas del Vaticano despu\u00e9s de d\u00e9cadas de control por parte de \nitalianos.<br \/>\nPell no sugiri\u00f3 ning\u00fan delito, pero dijo que los \ndepartamentos hab\u00edan tenido \u201ccasi carta blanca\u201d con sus finanzas. El \nVaticano dijo en su momento que Pell no se refer\u00eda a \u201cfondos ilegales, \nil\u00edcitos o mal administrados\u201d.<br \/>\nEl estado financiero de 2014, difundido tras una reuni\u00f3n del\n Consejo del Vaticano para Econom\u00eda, tambi\u00e9n mostr\u00f3 que la Santa Sede, \nque incluye la mayor parte de sus departamentos en Roma y las embajadas \nde todo el mundo, tuvo un d\u00e9ficit en su presupuesto de 25.6 millones de \neuros, en l\u00ednea con el a\u00f1o anterior.<br \/>\nLa Ciudad del Vaticano, que tiene un presupuesto aparte, \nregistr\u00f3 un super\u00e1vit de 63.5 millones de euros, casi el doble del a\u00f1o \nanterior, debido a los fuertes ingresos de los museos, que atraen \nalrededor de seis millones de visitantes al a\u00f1o, y de otras actividades \nculturales.<br \/>\nDesde la elecci\u00f3n del Papa en marzo de 2013, el Vaticano ha \nimpulsado reformas importantes para adherirse a normas financieras \ninternacionales e impedir el lavado de dinero y ha cerrado varias \ncuentas sospechosas en el Instituto para las Obras de Religi\u00f3n (IOR), \nmejor conocido como Banco del Vaticano.<br \/>\nEl a\u00f1o pasado, el Vaticano adopt\u00f3 las Normas Internacionales\n de Contabilidad del Sector P\u00fablico (IPSAS) y los estados financieros de\n cada departamento son ahora revisados por una firma auditora \ninternacional.<br \/>\n<br \/>\n<b>MUESTRA FUENTES DE SUS INGRESOS<\/b><br \/>\nEl informe presentado ayer revela <b>tambi\u00e9n que los \nprincipales ingresos en 2014, \u201cadem\u00e1s de otras inversiones\u201d, son 50 \nmillones del Banco del Vaticano y 21 millones de euros provenientes de \nlas iglesias locales y de las donaciones de los propios fieles.<\/b><br \/>\n<br \/>\nEsto \u00faltimo se da en virtud al art\u00edculo 1,271 del C\u00f3digo de Derecho Can\u00f3nico, que establece que \u201cpor raz\u00f3n del v\u00ednculo\n de unidad y de caridad, y conforme a las posibilidades de su di\u00f3cesis, \nlos obispos contribuyan a que la Sede Apost\u00f3lica disponga de los medios \nque necesita\u201d.<br \/>\n<br \/>\nLa Santa Sede no basa sus recursos en impuestos fijos \nofrecidos por las distintas di\u00f3cesis sino en <b>\u201ctasas por servicios \nofrecidos y, principalmente, por las oblaciones o aportaciones \nlibremente ofrecidas por los fieles\u201d.<\/b><br \/>\n<blockquote>\n\"Como en los a\u00f1os precedentes, el principal gasto de la \nSanta Sede es en personal, que en 2014 se situ\u00f3 en los 126.6 millones de\n euros, con un total de dos mil 880 trabajadores distribuidos en los 64 \nentes que componen la sede de la Iglesia cat\u00f3lica.\"<\/blockquote>\nEn el balance anual tambi\u00e9n se precisa que se present\u00f3 el \npresupuesto para 2015, que incluyen un total de 136 entes sujetos a \ncontrol de la Secretar\u00eda de Econom\u00eda.<br \/>\n<blockquote>\n\"Los presupuestos indican que es probable que los d\u00e9ficits registrados en estos a\u00f1os contin\u00faen tambi\u00e9n en 2015\u201d, indic\u00f3.<\/blockquote>\n<div class=\"f17 mb5px\" style=\"text-align: right;\">\n<span style=\"font-size: x-small;\"><b>&nbsp;<\/b>*Tomado de http:\/\/www.excelsior.com.mx\/global\/2015\/07\/17\/1035140<\/span><\/div>\n","protected":false},"excerpt":{"rendered":"<p>&nbsp;Por guerreropirata*<\/p>\n<p>Al dar a conocer su balance anual, la Santa Sede<br \/>\nrevel\u00f3 ayer que sus dependencias ocultaban unos mil 100 millones de<br \/>\neuros, aunque asegur\u00f3 que esa pr\u00e1ctica no representa un delito(..)<br \/>\nEL VATICANO, 17 de julio.\u2013 Dependen&#8230;<\/p>\n","protected":false},"author":186,"featured_media":0,"comment_status":"closed","ping_status":"open","sticky":false,"template":"","format":"standard","meta":{"footnotes":""},"categories":[1504,4,846,1506,21,204,188,563,1505,384,1507],"tags":[],"class_list":["post-738361","post","type-post","status-publish","format-standard","hentry","category-banco-vaticano","category-blogs-colaboradores","category-dinero","category-fieles","category-iglesia","category-jehova-desenmascarado","category-religiones","category-religiones-al-descubierto","category-religiones-descubiertas","category-vaticano","category-vaticano-al-descubierto"],"_links":{"self":[{"href":"https:\/\/www.redatea.net\/index.php\/wp-json\/wp\/v2\/posts\/738361","targetHints":{"allow":["GET"]}}],"collection":[{"href":"https:\/\/www.redatea.net\/index.php\/wp-json\/wp\/v2\/posts"}],"about":[{"href":"https:\/\/www.redatea.net\/index.php\/wp-json\/wp\/v2\/types\/post"}],"author":[{"embeddable":true,"href":"https:\/\/www.redatea.net\/index.php\/wp-json\/wp\/v2\/users\/186"}],"replies":[{"embeddable":true,"href":"https:\/\/www.redatea.net\/index.php\/wp-json\/wp\/v2\/comments?post=738361"}],"version-history":[{"count":2,"href":"https:\/\/www.redatea.net\/index.php\/wp-json\/wp\/v2\/posts\/738361\/revisions"}],"predecessor-version":[{"id":738567,"href":"https:\/\/www.redatea.net\/index.php\/wp-json\/wp\/v2\/posts\/738361\/revisions\/738567"}],"wp:attachment":[{"href":"https:\/\/www.redatea.net\/index.php\/wp-json\/wp\/v2\/media?parent=738361"}],"wp:term":[{"taxonomy":"category","embeddable":true,"href":"https:\/\/www.redatea.net\/index.php\/wp-json\/wp\/v2\/categories?post=738361"},{"taxonomy":"post_tag","embeddable":true,"href":"https:\/\/www.redatea.net\/index.php\/wp-json\/wp\/v2\/tags?post=738361"}],"curies":[{"name":"wp","href":"https:\/\/api.w.org\/{rel}","templated":true}]}}