{"id":738371,"date":"2022-07-29T18:12:00","date_gmt":"2022-07-29T17:12:00","guid":{"rendered":"http:\/\/www.redatea.net\/?guid=85825f04bc430e6075fc84dfe0113a86"},"modified":"2022-07-29T18:12:00","modified_gmt":"2022-07-29T17:12:00","slug":"ningun-estudiante-en-colombia-debe-cursar-obligatoriamente-el-area-de-educacion-religiosa-2","status":"publish","type":"post","link":"http:\/\/blog-sin-dioses.blogspot.com\/2022\/07\/ningun-estudiante-en-colombia-debe.html","title":{"rendered":"Ning\u00fan estudiante en Colombia debe cursar obligatoriamente el \u00e1rea de educaci\u00f3n religiosa"},"content":{"rendered":"<p>&nbsp;<\/p><div class=\"separator\" style=\"clear: both; text-align: center;\"><a href=\"https:\/\/blogger.googleusercontent.com\/img\/a\/AVvXsEiBydGhfAnJp9LFs2JcJuy-ohF9O3yWE3kDJDsh4LYUM1Rky5rFNE8e3wahoQ6iQmS6qyjPAwZ-wU1F2JXTEgGez1zBiYelrWsvmJFsbuRdgZxc-9JSVNyajwkbDoOAOkrESKKM7ymaNEDW_9l9YCItL8jFgVWKVI_Z-SzQeDiKbKOll3_72WeuTn_l\" style=\"clear: left; float: left; margin-bottom: 1em; margin-right: 1em;\"><img alt=\"\" data-original-height=\"800\" data-original-width=\"1366\" height=\"187\" src=\"https:\/\/blogger.googleusercontent.com\/img\/a\/AVvXsEiBydGhfAnJp9LFs2JcJuy-ohF9O3yWE3kDJDsh4LYUM1Rky5rFNE8e3wahoQ6iQmS6qyjPAwZ-wU1F2JXTEgGez1zBiYelrWsvmJFsbuRdgZxc-9JSVNyajwkbDoOAOkrESKKM7ymaNEDW_9l9YCItL8jFgVWKVI_Z-SzQeDiKbKOll3_72WeuTn_l\" width=\"320\" \/><\/a><\/div><p><\/p><div style=\"line-height: 1.2; margin-bottom: 0pt; margin-top: 0pt; text-align: justify;\"><b>Tras\nel fallo del Consejo de Estado \u2013 Secci\u00f3n Primera en la que el Tribunal deja en\nfirme la asignatura de religi\u00f3n, pero tambi\u00e9n el Plan Alterno a esta\nasignatura, las ONG Bogot\u00e1 Atea y la Asociaci\u00f3n de Ateos del Eje Cafetero hacen\nun llamado para que se haga p\u00fablica la no obligatoriedad de la asignatura de\nreligi\u00f3n, para que esta sea no confesional en las instituciones p\u00fablicas, y que\nse pongan en marcha los planes alternos a esta asignatura como lo exige la ley.<\/b><\/div><div style=\"line-height: 1.2; margin-bottom: 0pt; margin-top: 0pt; text-align: justify;\"><p class=\"MsoNormal\"><o:p><\/o:p><\/p>\n\n<p class=\"MsoNormal\"><a href=\"https:\/\/www.ambitojuridico.com\/noticias\/general\/ningun-estudiante-debe-cursar-obligatoriamente-el-area-de-educacion-religiosa\" >ElConsejo de estado acaba de resolver <\/a>una demanda interpuesta en marzo de 2007\nhac\u00eda el Decreto 4500 de 2006 que reglamenta la obligatoriedad de la religi\u00f3n\nen la educaci\u00f3n b\u00e1sica, as\u00ed como la de un plan alterno. En su fallo, este Tribunal\nha dejado en firme el decreto. Dentro de los elementos que expuso este \u00f3rgano\npara dejar este art\u00edculo es que en este \u201cse reitera expresamente, con relaci\u00f3n\na la ense\u00f1anza y educaci\u00f3n religiosa, el derecho de toda persona a recibirla o\na rehusarla. [\u2026]\u201d. <o:p><\/o:p><\/p>\n\n<p class=\"MsoNormal\">Frente\na esta decisi\u00f3n, Bogot\u00e1 Atea y la Asociaci\u00f3n de Ateos del eje Cafetero desean\nhacer p\u00fablica su preocupaci\u00f3n por el hecho que, en la mayor parte de las\ninstituciones educativas del pa\u00eds, tanto p\u00fablicas como privadas, no existe el\nplan alterno a la asignatura de religi\u00f3n que contempla la ley, as\u00ed como el\nhecho, que la clase de religi\u00f3n sigue haci\u00e9ndose con fines de evangelizaci\u00f3n y\ncon favorecimiento a una religi\u00f3n, como lo evidencian muchos casos que se nos\nhan reportado.<o:p><\/o:p><\/p>\n\n<p class=\"MsoNormal\">De\nigual manera hacemos un llamado a los colegios p\u00fablicos, para que hagan los\nan\u00e1lisis pedag\u00f3gicos necesarios para revisar la asignatura de religi\u00f3n, a fin\nde que esta sea neutral y no tenga finalidad de adoctrinamiento, sino al hecho\nde analizar la religi\u00f3n como aspecto cultural y social de la humanidad, en aras\nal pluralismo y el car\u00e1cter laico del estado colombiano.<o:p><\/o:p><\/p>\n\n<p class=\"MsoNormal\"><o:p>&nbsp;<\/o:p><\/p>\n\n<p class=\"MsoNormal\">Firman:<o:p><\/o:p><\/p>\n\n<p class=\"MsoNormal\">Corporaci\u00f3n\nBogotana para el Avance de la Raz\u00f3n y el Laicismo<o:p><\/o:p><\/p>\n\n<p class=\"MsoNormal\">Asociaci\u00f3n\nde Ateos del Eje Cafetero<o:p><\/o:p><\/p><\/div><p><\/p>","protected":false},"excerpt":{"rendered":"<p>&nbsp;Tras<br \/>\nel fallo del Consejo de Estado \u2013 Secci\u00f3n Primera en la que el Tribunal deja en<br \/>\nfirme la asignatura de religi\u00f3n, pero tambi\u00e9n el Plan Alterno a esta<br \/>\nasignatura, las ONG Bogot\u00e1 Atea y la Asociaci\u00f3n de Ateos del Eje Cafetero hacen<br \/>\nun llamado pa&#8230;<\/p>\n","protected":false},"author":170,"featured_media":0,"comment_status":"closed","ping_status":"open","sticky":false,"template":"","format":"standard","meta":{"footnotes":""},"categories":[4,68,1881,969],"tags":[],"class_list":["post-738371","post","type-post","status-publish","format-standard","hentry","category-blogs-colaboradores","category-colombia","category-educacion-religiosa","category-religion-como-asignatura"],"_links":{"self":[{"href":"https:\/\/www.redatea.net\/index.php\/wp-json\/wp\/v2\/posts\/738371","targetHints":{"allow":["GET"]}}],"collection":[{"href":"https:\/\/www.redatea.net\/index.php\/wp-json\/wp\/v2\/posts"}],"about":[{"href":"https:\/\/www.redatea.net\/index.php\/wp-json\/wp\/v2\/types\/post"}],"author":[{"embeddable":true,"href":"https:\/\/www.redatea.net\/index.php\/wp-json\/wp\/v2\/users\/170"}],"replies":[{"embeddable":true,"href":"https:\/\/www.redatea.net\/index.php\/wp-json\/wp\/v2\/comments?post=738371"}],"version-history":[{"count":2,"href":"https:\/\/www.redatea.net\/index.php\/wp-json\/wp\/v2\/posts\/738371\/revisions"}],"predecessor-version":[{"id":738532,"href":"https:\/\/www.redatea.net\/index.php\/wp-json\/wp\/v2\/posts\/738371\/revisions\/738532"}],"wp:attachment":[{"href":"https:\/\/www.redatea.net\/index.php\/wp-json\/wp\/v2\/media?parent=738371"}],"wp:term":[{"taxonomy":"category","embeddable":true,"href":"https:\/\/www.redatea.net\/index.php\/wp-json\/wp\/v2\/categories?post=738371"},{"taxonomy":"post_tag","embeddable":true,"href":"https:\/\/www.redatea.net\/index.php\/wp-json\/wp\/v2\/tags?post=738371"}],"curies":[{"name":"wp","href":"https:\/\/api.w.org\/{rel}","templated":true}]}}