{"id":738373,"date":"2021-05-11T05:19:00","date_gmt":"2021-05-11T04:19:00","guid":{"rendered":"http:\/\/www.redatea.net\/?guid=fc6d961064bfa6bda727a22299ec73af"},"modified":"2021-05-11T05:19:00","modified_gmt":"2021-05-11T04:19:00","slug":"cristianos-no-condenan-la-violencia-policial-en-colombia-2","status":"publish","type":"post","link":"http:\/\/blog-sin-dioses.blogspot.com\/2021\/05\/cristianos-no-condenan-la-violencia.html","title":{"rendered":"Cristianos no condenan la violencia policial en Colombia"},"content":{"rendered":"<p>&nbsp;<\/p><div class=\"separator\" style=\"clear: both; text-align: center;\"><a href=\"https:\/\/blogger.googleusercontent.com\/img\/b\/R29vZ2xl\/AVvXsEjWum6ixOywzdEihYLqcOp7czUvtgSz3_dIB7GygjplvwoO6_LAKX1x3TogLyXUjgl2RdqS-qe32oBZSXQOr6d3oDcfMjf4D1skxhHbBACPA_UBOTzH3yq2rUo0YOe9rtrN8BfbcCWmaPc\/s389\/WhatsApp-Image-2018-05-09-at-15.10.10-e1525908828810.jpeg\" imageanchor=\"1\" style=\"clear: left; float: left; margin-bottom: 1em; margin-right: 1em;\"><img border=\"0\" data-original-height=\"327\" data-original-width=\"389\" src=\"https:\/\/blogger.googleusercontent.com\/img\/b\/R29vZ2xl\/AVvXsEjWum6ixOywzdEihYLqcOp7czUvtgSz3_dIB7GygjplvwoO6_LAKX1x3TogLyXUjgl2RdqS-qe32oBZSXQOr6d3oDcfMjf4D1skxhHbBACPA_UBOTzH3yq2rUo0YOe9rtrN8BfbcCWmaPc\/s320\/WhatsApp-Image-2018-05-09-at-15.10.10-e1525908828810.jpeg\" width=\"320\" \/><\/a><\/div><p><\/p><p class=\"MsoNormal\" style=\"text-align: justify; text-justify: inter-ideograph;\">El\nParo Nacional de 2021 que atraviesa Colombia ha sido ampliamente cubierto por\nmedios nacionales, extranjeros y por los ciudadanos que han registrado actos\nvand\u00e1licos de unos pocos, pero tambi\u00e9n violencia policial por una respuesta\ndesmedida de la fuerza p\u00fablica. Respuesta que a la fecha dejan, seg\u00fan la ONG\nTemblores, 31 muertes a manos de la polic\u00eda, 1,443 casos de violencia policial\ny 814 detenciones arbitrarias en contra de manifestantes.<o:p><\/o:p><\/p>\n\n<p class=\"MsoNormal\" style=\"text-align: justify; text-justify: inter-ideograph;\">El\npartido de las iglesias evang\u00e9licas, Colombia Justa Libres, en su cara m\u00e1s\nvisible, el pastor John Milton Rodr\u00edguez env\u00edo un mensaje en v\u00eddeo por redes\nsociales <a href=\"https:\/\/twitter.com\/JohnMiltonR_\/status\/1390641004898881539\">en el que afirm\u00f3 que <\/a><i>\u201cahora considerando que la Reforma Tributaria ha\nsido retirada de su tr\u00e1mite en el Congreso, que actualmente no existe ning\u00fan\ntr\u00e1mite de reforma pensional, esto permite clarificar un escenario de confianza\npara entender que podemos avanzar en un escenario de confianza sin necesidad de\nacudir a la violencia\u201d<\/i>, Luego llam\u00f3 a un di\u00e1logo fraternal.<o:p><\/o:p><\/p>\n\n<p class=\"MsoNormal\" style=\"text-align: justify; text-justify: inter-ideograph;\">Si\nbien el llamado al di\u00e1logo fraterno es bienvenido y justamente necesario, el\ndiscurso del pastor John Milton tambi\u00e9n es revelador por lo que no dice. Y es\nque no hay en este comunicado condena alguna por la violencia policial, el uso\ndesproporcionado, que lleg\u00f3 a incluir disparos contra manifestantes, muy bien\ndocumentados por v\u00eddeos ampliamente difundidos.<o:p><\/o:p><\/p>\n\n<p class=\"MsoNormal\" style=\"text-align: justify; text-justify: inter-ideograph;\">En\nsu llamado de oraci\u00f3n por la paz, del viernes 7 de mayo, tampoco se escucharon\nmensajes que condenaron las acciones desproporcionadas de la fuerza p\u00fablica. <o:p><\/o:p><\/p>\n\n<p class=\"MsoNormal\" style=\"text-align: justify; text-justify: inter-ideograph;\">Respecto\nal sentido p\u00e9same expresado por el pastor solo hay un trino por el asesinato\ndel Capit\u00e1n Solano. <i>\u201cMi sentido p\u00e9same a la familia del capit\u00e1n Jes\u00fas Solano,\nmi rechazo e indignaci\u00f3n con los criminales que acabaron con su vida que todo\nel peso de la ley caiga sobre estos maleantes. Mi condolencia y solidaridad con\nla @PoliciaColombia @FuerzasMilCol\u201d <o:p><\/o:p><\/i><\/p>\n\n<p class=\"MsoNormal\" style=\"text-align: justify; text-justify: inter-ideograph;\">El\n30 de mayo hizo un llamado a la Fiscal\u00eda \u201cHago llamado a @FiscaliaCol celeridad\npara judicializar a responsables de estos atentados contra los bienes p\u00fablicos\ny privados.\u201d No hubo entonces ning\u00fan mensaje igual por los desmanes del lado de\nlos uniformados.<o:p><\/o:p><\/p>\n\n<p class=\"MsoNormal\" style=\"text-align: justify; text-justify: inter-ideograph;\">Similar\ncomportamiento present\u00f3 en septiembre de 2020 tras las manifestaciones por\nexceso de uso de fuerza en Bogot\u00e1, que llevaron a la muerte, primero al\nestudiante de derecho Javier Ord\u00f3\u00f1ez por uso de pistola taser y posteriormente\nde ocho manifestantes por este hecho. <o:p><\/o:p><\/p>\n\n<p class=\"MsoNormal\" style=\"text-align: justify; text-justify: inter-ideograph;\">A\nfinales de septiembre de 2020<a href=\"https:\/\/twitter.com\/JohnMiltonR_\/status\/1198236224256954371\"> public\u00f3:<\/a><o:p><\/o:p><\/p>\n\n<p class=\"MsoNormal\" style=\"text-align: justify; text-justify: inter-ideograph;\"><i>\u201cFelicito\na todos los colombianos de bien, que de manera unida asumieron firmemente el\nrechazo a los v\u00e1ndalos y delincuentes, los que a trav\u00e9s de la violencia,\npretend\u00edan desastibilizar nuestro pa\u00eds han quedado en verg\u00fcenza, apoyemos a @PoliciaColombia\ny @FuerzasMilCol\u201d<o:p><\/o:p><\/i><\/p>\n\n<p class=\"MsoNoSpacing\" style=\"text-align: justify; text-justify: inter-ideograph;\">M\u00e1s\natr\u00e1s en el tiempo, en el Paro nacional de 2019, su reacci\u00f3n fue similar. A\npocos d\u00edas de inicio de ese paro (precursor del de 2021) el pastor John Milton\njunto con Ricardo Rodr\u00edguez de la iglesia Avivamiento, Andr\u00e9s Corson de El\nLugar de Su Presencia, y el senador cristiano Eduardo Emilio Pacheco se\nreunieron con el presidente Duque, p<a href=\"https:\/\/www.facebook.com\/AndresCorson\/photos\/rpp.230211358158\/10157880727888159\/?type=3&amp;theater\">or pedido de este \u00faltimo para<\/a> \u201c<i>orar por el\npresidente y el pa\u00eds\u201d. El pastor Corson public\u00f3 la foto del encuentro indicando\nque Fuimos invitados por nuestro presidente a orar por \u00e9l y por la naci\u00f3n. En\nprimer lugar, te ruego que ores por todos los seres humanos. P\u00eddele a Dios que\nlos ayude; intercede en su favor, y da gracias por ellos. Ora de ese modo por\nlos reyes y por todos los que est\u00e1n en autoridad, para que podamos tener una\nvida pac\u00edfica y tranquila. 1 Timoteo 2:1-2\u201d.<\/i><o:p><\/o:p><\/p>\n\n<p class=\"MsoNoSpacing\" style=\"text-align: justify; text-justify: inter-ideograph;\">Tras\nel encuentro ninguna iglesia se posicion\u00f3 a favor de las reclamaciones del\nparo, ni conden\u00f3 de manera alguna el exceso de la respuesta policial en esas\nmarchas, ni las posteriores.<\/p><p class=\"MsoNoSpacing\" style=\"text-align: justify; text-justify: inter-ideograph;\"><o:p><\/o:p><\/p>\n\n<p class=\"MsoNoSpacing\" style=\"text-align: justify; text-justify: inter-ideograph;\">El\nd\u00eda de ayer, domingo 9 de mayo, en medio del supuesto dialogo con toda la\nsociedad, el presidente Duque repiti\u00f3 el libreto de 2019 reuni\u00e9ndose con \u201ctodas\u201d\nlas iglesias. Un intento m\u00e1s del primer mandatario de ganar tiempo en espera\nque el paro pierda fuerza mientras no dialoga directamente con los l\u00edderes del\nparo. De las iglesias se escuch\u00f3 nuevamente el llamado al fin de la violencia,\npero faltaron de nuevo la firma condena al exceso de fuerza policial, o pedir\nque la polic\u00eda cambi\u00e9 su Fuero Penal, ra\u00edz de tanta impunidad en estos\nlamentables casos.<\/p><div class=\"separator\" style=\"clear: both; text-align: center;\"><a href=\"https:\/\/blogger.googleusercontent.com\/img\/b\/R29vZ2xl\/AVvXsEgXOpogcpWXhE2dmxFP7L0WKkIUW6N6BM3VkR6YYNCA3kPrJQ_sMChJ7kMDnhGzI0EM-zv8un-gHhawPuct9UK9HThQqawQC9irG4Tq3RjI196CI3VyWk8NyhNv13aK_nGmJuX_HlQ9p5Y\/s1024\/Duque+con+iglesias.jpg\" imageanchor=\"1\" style=\"margin-left: 1em; margin-right: 1em;\"><img alt=\"Reuni\u00f3n del presidente con los l\u00edderes religiosos el 9 de mayo de 2021. Se reuni\u00f3 con ellos antes que con los l\u00edderes del paro.\" border=\"0\" data-original-height=\"682\" data-original-width=\"1024\" height=\"426\" src=\"https:\/\/blogger.googleusercontent.com\/img\/b\/R29vZ2xl\/AVvXsEgXOpogcpWXhE2dmxFP7L0WKkIUW6N6BM3VkR6YYNCA3kPrJQ_sMChJ7kMDnhGzI0EM-zv8un-gHhawPuct9UK9HThQqawQC9irG4Tq3RjI196CI3VyWk8NyhNv13aK_nGmJuX_HlQ9p5Y\/w640-h426\/Duque+con+iglesias.jpg\" width=\"640\" \/><\/a><\/div><br \/><p class=\"MsoNoSpacing\" style=\"text-align: justify; text-justify: inter-ideograph;\">Y\nes que las iglesias poco le pueden reprochar a Duque cuando sus dos partidos\npol\u00edticos, Colombia Justa Libre y el MIRA, son parte del gobierno. &nbsp;El viceministro para la Participaci\u00f3n e\nIgualdad de Derechos es Carlos Alberto Baena, del MIRA y de la iglesia IDMJI. &nbsp;La reforma tributaria no toc\u00f3, y probablemente\nno tocar\u00e1 en el futuro a las iglesias, (\u00bfSab\u00edan que en Bogot\u00e1 la Universidad\nNacional y la Distrital pagan impuesto predial y las iglesias no?). Los\npastores saben tambi\u00e9n que a mayor nivel educativo menor afiliaci\u00f3n a\nreligiones fundamentalistas, as\u00ed que tampoco los conviene una ampliaci\u00f3n de la\neducaci\u00f3n p\u00fablica estatal.<\/p><p class=\"MsoNoSpacing\" style=\"text-align: justify; text-justify: inter-ideograph;\"><o:p><\/o:p><\/p>\n\n<p class=\"MsoNoSpacing\" style=\"text-align: justify; text-justify: inter-ideograph;\">Por\nlo anterior, se explica el silencio de los pastores sobre el abuso policial. Si\ntan hubieran dicho un 10% de lo usado contra el matrimonio igualitario y al\naborto, para denunciar los excesos policiales y recordar el nombre de las\nv\u00edctimas con su nombre, as\u00ed como lo hacen por los polic\u00edas fallecidos, habr\u00eda\nhabido una voz de condena adicional en el pa\u00eds. El ep\u00edteto de provida queda\nreservado si se trata de una g\u00e1strula, embri\u00f3n o feto humano. Pero si se trata\nde un joven muerto por el ESMAD, no hay pronunciamiento. Por el contrario, hay\napoyo a un cuerpo antidisturbios entrenado para combatir guerrillas y con fuero\npenal militar absolutorio.<\/p><p class=\"MsoNoSpacing\" style=\"text-align: justify; text-justify: inter-ideograph;\"><o:p><\/o:p><\/p>\n\n<p class=\"MsoNoSpacing\" style=\"text-align: justify; text-justify: inter-ideograph;\">El\nproceso de superaci\u00f3n de la violencia es dif\u00edcil de alcanzar si no se se\u00f1alan\ntambi\u00e9n las violaciones a los derechos humanos que existen tambi\u00e9n en las\nfuerzas del Estado, que deber\u00edan ser ejemplares en el cumplimiento del derecho\ninternacional humanitario. Ocultar estas atrocidades por tres a\u00f1os por parte\ndel sector evang\u00e9lico pentecostal no ayudan de manera alguna para alcanzar la\nreconciliaci\u00f3n por la que dicen orar.<span style=\"text-align: left;\">&nbsp;<\/span><\/p>","protected":false},"excerpt":{"rendered":"<p>&nbsp;El<br \/>\nParo Nacional de 2021 que atraviesa Colombia ha sido ampliamente cubierto por<br \/>\nmedios nacionales, extranjeros y por los ciudadanos que han registrado actos<br \/>\nvand\u00e1licos de unos pocos, pero tambi\u00e9n violencia policial por una respuesta<br \/>\ndesmedida de&#8230;<\/p>\n","protected":false},"author":170,"featured_media":0,"comment_status":"closed","ping_status":"open","sticky":false,"template":"","format":"standard","meta":{"footnotes":""},"categories":[4,68,1731,791,1732],"tags":[],"class_list":["post-738373","post","type-post","status-publish","format-standard","hentry","category-blogs-colaboradores","category-colombia","category-colombia-justa-libres","category-iglesia-de-dios-ministerial-de-jesucristo-internacional","category-pastor-john-milton-rodriguez"],"_links":{"self":[{"href":"https:\/\/www.redatea.net\/index.php\/wp-json\/wp\/v2\/posts\/738373","targetHints":{"allow":["GET"]}}],"collection":[{"href":"https:\/\/www.redatea.net\/index.php\/wp-json\/wp\/v2\/posts"}],"about":[{"href":"https:\/\/www.redatea.net\/index.php\/wp-json\/wp\/v2\/types\/post"}],"author":[{"embeddable":true,"href":"https:\/\/www.redatea.net\/index.php\/wp-json\/wp\/v2\/users\/170"}],"replies":[{"embeddable":true,"href":"https:\/\/www.redatea.net\/index.php\/wp-json\/wp\/v2\/comments?post=738373"}],"version-history":[{"count":2,"href":"https:\/\/www.redatea.net\/index.php\/wp-json\/wp\/v2\/posts\/738373\/revisions"}],"predecessor-version":[{"id":738533,"href":"https:\/\/www.redatea.net\/index.php\/wp-json\/wp\/v2\/posts\/738373\/revisions\/738533"}],"wp:attachment":[{"href":"https:\/\/www.redatea.net\/index.php\/wp-json\/wp\/v2\/media?parent=738373"}],"wp:term":[{"taxonomy":"category","embeddable":true,"href":"https:\/\/www.redatea.net\/index.php\/wp-json\/wp\/v2\/categories?post=738373"},{"taxonomy":"post_tag","embeddable":true,"href":"https:\/\/www.redatea.net\/index.php\/wp-json\/wp\/v2\/tags?post=738373"}],"curies":[{"name":"wp","href":"https:\/\/api.w.org\/{rel}","templated":true}]}}