{"id":738377,"date":"2021-03-30T02:03:00","date_gmt":"2021-03-30T01:03:00","guid":{"rendered":"http:\/\/www.redatea.net\/?guid=681618398654c33544688bf73a536206"},"modified":"2021-03-30T02:03:00","modified_gmt":"2021-03-30T01:03:00","slug":"lider-de-la-iglesia-universal-pare-de-sufrir-acude-a-vacuna-contra-el-covid-19-en-lugar-de-su-manto-sagrado-3","status":"publish","type":"post","link":"http:\/\/blog-sin-dioses.blogspot.com\/2021\/03\/edirmacedosevacunaenlugardemantosagrado.html","title":{"rendered":"L\u00edder de la Iglesia Universal (Pare de sufrir) acude a vacuna contra el covid-19 en lugar de su manto sagrado"},"content":{"rendered":"<p>&nbsp;<\/p><div class=\"separator\" style=\"clear: both; text-align: center;\"><a href=\"https:\/\/blogger.googleusercontent.com\/img\/b\/R29vZ2xl\/AVvXsEh4RBa2BWR21ZgVo5kLbwyYtkDgWz66OwtCUO3b6KmNonw8QyAQ-hTMhXVGZ263GNOj-y92wZbahLQi7TUqw7IvxvZZ6dGGeTYPCGWgUOxMKrlZTZMg_7kEmgqZifQnqqGCAHJHTG0af0o\/s675\/Edir+Macedo+vacunandose.jpg\" imageanchor=\"1\" style=\"clear: left; float: left; margin-bottom: 1em; margin-right: 1em;\"><img border=\"0\" data-original-height=\"449\" data-original-width=\"675\" src=\"https:\/\/blogger.googleusercontent.com\/img\/b\/R29vZ2xl\/AVvXsEh4RBa2BWR21ZgVo5kLbwyYtkDgWz66OwtCUO3b6KmNonw8QyAQ-hTMhXVGZ263GNOj-y92wZbahLQi7TUqw7IvxvZZ6dGGeTYPCGWgUOxMKrlZTZMg_7kEmgqZifQnqqGCAHJHTG0af0o\/s320\/Edir+Macedo+vacunandose.jpg\" width=\"320\" \/><\/a><\/div><span style=\"text-align: justify;\">En Brasil la \u201cIglesia Universal\ndel Reino de Dios (IURD)\u201d, conocida por su lema \u201cPare de sufrir\u201d, es muy\ninfluyente tanto en lo espiritual como en lo pol\u00edtico. Esta denominaci\u00f3n,\nnacida en 1977, tiene presencia en Colombia donde paga espacios televisivos en\nel Canal Uno y tiene numerosos templos. En Brasil es la iglesia neopentecostal m\u00e1s\ngrande, con m\u00e1s de 10.000 templos, as\u00ed como por toda Latinoam\u00e9rica y Angola\n(por la lengua portuguesa).<\/span><p><\/p><p class=\"MsoNormal\" style=\"text-align: justify;\"><o:p><\/o:p><\/p>\n\n<p class=\"MsoNormal\" style=\"text-align: justify;\">Su fundador y l\u00edder el \u201cObispo\u201d Edir\nMacedo, <a href=\"https:\/\/www.valoresreligiosos.com.ar\/Noticias\/lider-evangelico-aparece-en-la-lista-de-multimillonarios-de-forbes-3389\">es uno de los pastores m\u00e1s ricos del mundo, con una fortuna que pasalos 1.100 millones de d\u00f3lares,<\/a> construida gracias a los diezmos y ofrendas de\nmillones de feligreses tras la promesa de obtener prosperidad y sanidad a\ncambio de pactar con Dios y darle a la iglesia el 10% de sus ingresos. <o:p><\/o:p><\/p>\n\n<p class=\"MsoNormal\" style=\"text-align: justify;\">Macedo tambi\u00e9n posee una fuerte\ninfluencia pol\u00edtica, a punto de ser en parte responsable de poner en el poder a\nJair Bolsonaro, actual presidente, a quien apoy\u00f3 decisivamente en su campa\u00f1a\npresidencial.<o:p><\/o:p><\/p>\n\n<p class=\"MsoNormal\" style=\"text-align: justify;\">La Iglesia de Macedo tambi\u00e9n es famosa\npor sus sesiones de \u201cexpulsi\u00f3n de demonios\u201d y de sanidad. De hecho, en su\npublicidad suelen dedicar un d\u00eda a orar por enfermos \u201cMartes: Oraci\u00f3n de\nsanidad \u2013 7:00 p.m.\u201d se lee en muchos de los carteles al ingreso de sus\ntemplos.<o:p><\/o:p><\/p>\n\n<p class=\"MsoNormal\" style=\"text-align: justify;\">Bajo el lema de \u201cPare de Sufrir\u201d\ny el de \u201cLo imposible no existe\u201d han organizado cultos de sanaci\u00f3n en los que\nhan dado \u201cel Aceite santo de Israel\u201d y m\u00e1s recientemente \u201cEl manto sagrado\u201d\ncomo parte de rituales de fe multitudinarios. <o:p><\/o:p><\/p>\n\n<p class=\"MsoNormal\" style=\"text-align: justify;\">Pues bien, Edir Macedo, de 76\na\u00f1os, recibi\u00f3 junto a su esposa Ester Bezerra, de 72 a\u00f1os, la vacuna contra el\ncovid-19 de Janssen (Johnson &amp; Johnson). Vacuna de dosis \u00fanica. <a href=\"https:\/\/www.correiobraziliense.com.br\/mundo\/2021\/03\/4912724-edir-macedo-e-mulher-recebem-vacina-contra-covid-19-em-miami.html\">Ambos fueroninmunizados el mi\u00e9rcoles 17 de marzo en Miami, Estados Unidos, donde la parejase encontraba oportunamente en un \u201cviaje misionero\u201d,<\/a> mientras que en Brasil la\nvacunaci\u00f3n avanza muy lentamente. Tras recibir la vacuna el l\u00edder religioso\npublic\u00f3 un video en su cuenta de Instagram. \"Como se prometi\u00f3, aqu\u00ed est\u00e1\nla evidencia de nuestra vacunaci\u00f3n contra el covid\", escribi\u00f3.<o:p><\/o:p><\/p>\n\n<p class=\"MsoNormal\" style=\"text-align: justify;\">El asunto de su vacunaci\u00f3n no\nser\u00eda tan notable de no ser por el hecho que el multimillonario obispo ha sido\nmuy cr\u00edtico de la ciencia y se pronunci\u00f3 al inici\u00f3 de la pandemia contra el\ncierre de las iglesias.<o:p><\/o:p><\/p><div class=\"separator\" style=\"clear: both; text-align: center;\"><a href=\"https:\/\/blogger.googleusercontent.com\/img\/b\/R29vZ2xl\/AVvXsEixFgkEgMwPYqX-AFrwNw6jxrn0pww-eMhXPP290VDZu3cqyng9-3w3Yg-WkGCTUjcIKGixKVJ-pLrGatELytBL5eb7y6BY1iCllhhpjnzrHR16hhT5SPbpfZt0TCmHbyqXEkscO_9e5mw\/s1166\/Obispo+Macedo+-+fe+sobre+raz%25C3%25B3n.jpg\" imageanchor=\"1\" style=\"margin-left: 1em; margin-right: 1em;\"><img border=\"0\" data-original-height=\"706\" data-original-width=\"1166\" height=\"243\" src=\"https:\/\/blogger.googleusercontent.com\/img\/b\/R29vZ2xl\/AVvXsEixFgkEgMwPYqX-AFrwNw6jxrn0pww-eMhXPP290VDZu3cqyng9-3w3Yg-WkGCTUjcIKGixKVJ-pLrGatELytBL5eb7y6BY1iCllhhpjnzrHR16hhT5SPbpfZt0TCmHbyqXEkscO_9e5mw\/w400-h243\/Obispo+Macedo+-+fe+sobre+raz%25C3%25B3n.jpg\" width=\"400\" \/><\/a><\/div><p class=\"MsoNormal\" style=\"text-align: justify;\">Hace cinco a\u00f1os, cuando nadie\nimaginaba que vendr\u00eda una pandemia, public\u00f3 <a href=\"https:\/\/www.universal.org\/es\/bispo-macedo\/la-fe-por-encima-de-la-razon\">un serm\u00f3n llamado \u201cLa fe por encimade la raz\u00f3n\u201d.<\/a> En este dec\u00eda que Mois\u00e9s fue elegido por Dios no por haber sido\neducado por la ciencia egipcia, sino por creer en el Dios de Abraham.<\/p><p class=\"MsoNormal\" style=\"text-align: justify;\"><o:p><\/o:p><\/p>\n\n<p class=\"MsoNormal\" style=\"text-align: justify;\"><i>\u201cEs obvio que la buena\neducaci\u00f3n que adquirimos de nuestros padres, la disciplina y los conocimientos\nque recibimos en escuelas y universidades tienen su valor, pero cuando se trata\nde buscar a Dios y de encontrar en \u00c9l el auxilio y amparo que necesitamos, as\u00ed\ncomo el cumplimiento de Sus promesas, \u00a1solamente la pr\u00e1ctica de la fe de\nAbraham les da a todos SU manifestaci\u00f3n! La pregunta es: \u00bfEn qu\u00e9 hemos apoyado\nnuestra vida? La fe de Abraham es contraria a la raz\u00f3n:\u201d<o:p><\/o:p><\/i><\/p>\n\n<p class=\"MsoNormal\" style=\"text-align: justify;\">Ya en inicios de la pandemia en\nSuram\u00e9rica, el 15 de marzo de 2020, se pronunci\u00f3 fuertemente contra las medidas\nque suspendieron las reuniones en los templos. Esta decisi\u00f3n molest\u00f3\nprofundamente al Obispo quien public\u00f3 un video en el que subestimaba la\ngravedad de la pandemia. <a href=\"https:\/\/www.correiobraziliense.com.br\/mundo\/2021\/03\/4912724-edir-macedo-e-mulher-recebem-vacina-contra-covid-19-em-miami.html\">En este dijo que no hab\u00eda raz\u00f3n para que la gente se\npreocupara por la enfermedad, y atribu\u00eda su proliferaci\u00f3n a los medios de\ncomunicaci\u00f3n y a \"Satan\u00e1s\".<\/a><o:p><\/o:p><\/p>\n\n<p class=\"MsoNormal\" style=\"text-align: justify;\"><i>\u201cLa gente est\u00e1 aterrorizada\npor algo que realmente no coincide con la realidad que los medios han lanzado\nal aire, con el horror que los medios han usado para hacer que las poblaciones,\nlas naciones [est\u00e9n] aterrorizadas por este virus, el coronavirus. <a href=\"https:\/\/veja.abril.com.br\/religiao\/edir-macedo-dissemina-informacoes-falsas-e-atribui-coronavirus-a-satanas\/?fbclid=IwAR0IPloMnyVgakYKTUh5glmvQOpzM8X-qX2paFbEPhpGWugeN3Gv-xIP-rg\">Detr\u00e1s detoda esta campa\u00f1a de coronavirus hay un inter\u00e9s econ\u00f3mico, y donde hay uninter\u00e9s econ\u00f3mico, ah\u00ed est\u00e1\u201d.<\/a><\/i><o:p><\/o:p><\/p>\n\n<p class=\"MsoNormal\" style=\"text-align: justify;\">Tambi\u00e9n dijo que <i>\"cualquier\nviento que tengas es neumon\u00eda\".<\/i> Y agreg\u00f3: <i>\"Amigo m\u00edo y amiga\nm\u00eda, no se preocupen por el coronavirus. Porque esa es la t\u00e1ctica de Satan\u00e1s, o\nuna t\u00e1ctica m\u00e1s. Satan\u00e1s trabaja con miedo, pavor. Trabaja con duda. Y cuando\nla gente est\u00e1 aterrorizada, con miedo, con duda, las personas se vuelven\nendebles, d\u00e9biles y susceptibles.\u201d<\/i>.<o:p><\/o:p><\/p>\n\n<p class=\"MsoNormal\" style=\"text-align: justify;\">Tras las fuertes cr\u00edticas el\nObispo retir\u00f3 el v\u00eddeo, pero nunca se rectific\u00f3. Sin embargo, poco despu\u00e9s\nestar\u00eda hospitalizado por contraer el sars coronavirus -2, pero la Iglesia\nmantuvo este hecho en secreto hasta junio de 2020, cuando el religioso inform\u00f3\nsobre su hospitalizaci\u00f3n por haber contra\u00eddo el nuevo coronavirus.<o:p><\/o:p><\/p>\n\n<p class=\"MsoNormal\" style=\"text-align: justify;\">Mientras las palabras de Macedo,\nculpando a Satan\u00e1s de las medidas de cuarentena, resonaban en las mentes de los\ncreyentes. Su amigo pol\u00edtico, el presidente Bolsonaro criticaba el cierre de\nlas iglesias, en un claro gui\u00f1o a sus electores evang\u00e9licos. <o:p><\/o:p><\/p>\n\n<p class=\"MsoNormal\" style=\"text-align: justify;\"><\/p><div class=\"separator\" style=\"clear: both; text-align: center;\"><a href=\"https:\/\/blogger.googleusercontent.com\/img\/b\/R29vZ2xl\/AVvXsEh-PixDo5-CR5XLWlSnAcxHRZGFwyt5Xrfg8Mv-4W1dQ65WweNvsbgkAc2xGoSbJfJ5GbbZzMyDYjbG-n1q4_NdSy5bXyfRRhyphenhyphenrFpFskKA5I9pma17l9MxJWUhSyWBwfjaQXUgYyLMorbA\/s894\/Manto+consagrado.jpg\" imageanchor=\"1\" style=\"clear: left; float: left; margin-bottom: 1em; margin-right: 1em;\"><img border=\"0\" data-original-height=\"894\" data-original-width=\"718\" height=\"320\" src=\"https:\/\/blogger.googleusercontent.com\/img\/b\/R29vZ2xl\/AVvXsEh-PixDo5-CR5XLWlSnAcxHRZGFwyt5Xrfg8Mv-4W1dQ65WweNvsbgkAc2xGoSbJfJ5GbbZzMyDYjbG-n1q4_NdSy5bXyfRRhyphenhyphenrFpFskKA5I9pma17l9MxJWUhSyWBwfjaQXUgYyLMorbA\/s320\/Manto+consagrado.jpg\" \/><\/a><\/div><p><\/p><p class=\"MsoNormal\" style=\"text-align: justify;\">Es curioso que dentro de los\nrituales religiosos de la Iglesia Universal est\u00e1 el del \u201cManto Consagrado\u201d. <a href=\"https:\/\/youtu.be\/7zISOFohk2U\">En unode los v\u00eddeos de esta iglesia<\/a> se pregunta el narrador: \u00bfExisten los milagros? y\nproceden luego a pasar personas diciendo que fueron sanadas con solo tocar \u201cel\nmanto sagrado\u201d.<o:p><\/o:p><\/p>\n\n<p class=\"MsoNormal\" style=\"text-align: justify;\">Por eso cabe preguntarse, \u00bfpor\nqu\u00e9 cuando el Obispo Macedo se enfermo de coronavirus fue llevado a un hospital\npara ser atendido por m\u00e9dicos y no a su colosal templo en Sao Paulo?<span style=\"mso-spacerun: yes;\">&nbsp; <\/span><o:p><\/o:p><\/p>\n\n<p class=\"MsoNormal\" style=\"text-align: justify;\">Si, como el mismo dijo en su\nserm\u00f3n pasado \u201c<i>La fe de Abraham es contraria a la raz\u00f3n\u201d \u00bf<\/i>por qu\u00e9\ndecidi\u00f3 vacunarse en lugar de orar, ungirse con el aceite \u201csanto\u201d de Israel o\narroparse con el \u201cmanto sagrado\u201d? \u00bfPor qu\u00e9 tuvo que recurrir a la vacuna,\ncreada por la ciencia, cuando es un defensor de las curas por fe? \u00bfNo podr\u00eda\nhaber adquirido los anticuerpos contra el virus con algunas de las supercher\u00edas\ncon que atrae a miles de personas? E igualmente importante, \u00bfPor qu\u00e9 los\npastores de la Iglesia Universal no estuvieron en las salas de emergencias\nsanando a los enfermos de coronavirus con sus rezos, aceites sagrados y mantos\nm\u00e1gicos? \u00bfPor qu\u00e9 si Mateo 10:8 les dice ordena a los ap\u00f3stoles: \u201cSanad\nenfermos, limpiad leprosos, resucitad muertos\u2026\u201d nada de esto vimos por los\npastores de la Universal, ni de ninguna otra secta cristiana? <o:p><\/o:p><\/p>\n\n<p class=\"MsoNormal\" style=\"text-align: justify;\">El astr\u00f3nomo Carl Sagan apuntaba\nuna aguda reflexi\u00f3n: <b><i>\u201cSi quieres salvar a tu hijo del polio puedes rezar o\npuedes vacunarlo\u2026 Aplica la ciencia\u201d<\/i><\/b>.<o:p><\/o:p><\/p>\n\n<p class=\"MsoNormal\" style=\"text-align: justify;\">Imaginemos por un momento que se\npudieran gravar con impuestos los diezmos y ofrendas de las iglesias para\ninvestigaci\u00f3n cient\u00edfica. Seguramente podr\u00eda avanzarse m\u00e1s en r\u00e1pido en salud\np\u00fablica que dejando esos recursos en las cuentas de las sectas. <o:p><\/o:p><\/p>\n\n<p class=\"MsoNormal\" style=\"text-align: justify;\">Creo que la moraleja de toda esta\nhistoria es que aplicar la ciencia es mucho m\u00e1s provechoso que confiar en\nvendedores de esperanzas m\u00e1gicas e indemostrables.<span style=\"mso-spacerun: yes;\">&nbsp; <\/span><o:p><\/o:p><\/p>","protected":false},"excerpt":{"rendered":"<p>&nbsp;En Brasil la \u201cIglesia Universal<br \/>\ndel Reino de Dios (IURD)\u201d, conocida por su lema \u201cPare de sufrir\u201d, es muy<br \/>\ninfluyente tanto en lo espiritual como en lo pol\u00edtico. Esta denominaci\u00f3n,<br \/>\nnacida en 1977, tiene presencia en Colombia donde paga espacios tel&#8230;<\/p>\n","protected":false},"author":170,"featured_media":0,"comment_status":"closed","ping_status":"open","sticky":false,"template":"","format":"standard","meta":{"footnotes":""},"categories":[4,1039,548,800,83],"tags":[],"class_list":["post-738377","post","type-post","status-publish","format-standard","hentry","category-blogs-colaboradores","category-edir-macedo","category-iglesia-universal-del-reino-de-dios","category-libro-de-mateo","category-milagros"],"_links":{"self":[{"href":"https:\/\/www.redatea.net\/index.php\/wp-json\/wp\/v2\/posts\/738377","targetHints":{"allow":["GET"]}}],"collection":[{"href":"https:\/\/www.redatea.net\/index.php\/wp-json\/wp\/v2\/posts"}],"about":[{"href":"https:\/\/www.redatea.net\/index.php\/wp-json\/wp\/v2\/types\/post"}],"author":[{"embeddable":true,"href":"https:\/\/www.redatea.net\/index.php\/wp-json\/wp\/v2\/users\/170"}],"replies":[{"embeddable":true,"href":"https:\/\/www.redatea.net\/index.php\/wp-json\/wp\/v2\/comments?post=738377"}],"version-history":[{"count":2,"href":"https:\/\/www.redatea.net\/index.php\/wp-json\/wp\/v2\/posts\/738377\/revisions"}],"predecessor-version":[{"id":738535,"href":"https:\/\/www.redatea.net\/index.php\/wp-json\/wp\/v2\/posts\/738377\/revisions\/738535"}],"wp:attachment":[{"href":"https:\/\/www.redatea.net\/index.php\/wp-json\/wp\/v2\/media?parent=738377"}],"wp:term":[{"taxonomy":"category","embeddable":true,"href":"https:\/\/www.redatea.net\/index.php\/wp-json\/wp\/v2\/categories?post=738377"},{"taxonomy":"post_tag","embeddable":true,"href":"https:\/\/www.redatea.net\/index.php\/wp-json\/wp\/v2\/tags?post=738377"}],"curies":[{"name":"wp","href":"https:\/\/api.w.org\/{rel}","templated":true}]}}