{"id":738379,"date":"2021-01-29T01:31:00","date_gmt":"2021-01-29T00:31:00","guid":{"rendered":"http:\/\/www.redatea.net\/?guid=aedb549e45ab53673a1aad5706546f20"},"modified":"2021-01-29T01:31:00","modified_gmt":"2021-01-29T00:31:00","slug":"el-28-de-enero-de-2021-jesus-tampoco-regresara-otro-fallo-profetico-para-la-lista-2","status":"publish","type":"post","link":"http:\/\/blog-sin-dioses.blogspot.com\/2021\/01\/el-28-de-enero-de-2021-jesus-tampoco.html","title":{"rendered":"El 28 de enero de 2021, Jes\u00fas tampoco regresar\u00e1: otro fallo prof\u00e9tico para la lista"},"content":{"rendered":"<p><\/p><div class=\"separator\" style=\"clear: both; text-align: center;\"><a href=\"https:\/\/blogger.googleusercontent.com\/img\/b\/R29vZ2xl\/AVvXsEgG8y3akFgQA2dD4ZmL7Q_bRMLhPHCFQp2HzTKeL35hKsVvSGjyJ6ncpTgXxakF0e1FiuUBueeGJVYVZCSTlN9xyuAfzYeRS7HfvvX59kgEhoB8xTmxpDiJ-Ja30RIoWB5In1VSnKT4bhg\/s758\/Iglesia+cristiana+Berea.jpg\" imageanchor=\"1\" style=\"clear: left; float: left; margin-bottom: 1em; margin-right: 1em;\"><img border=\"0\" data-original-height=\"462\" data-original-width=\"758\" src=\"https:\/\/blogger.googleusercontent.com\/img\/b\/R29vZ2xl\/AVvXsEgG8y3akFgQA2dD4ZmL7Q_bRMLhPHCFQp2HzTKeL35hKsVvSGjyJ6ncpTgXxakF0e1FiuUBueeGJVYVZCSTlN9xyuAfzYeRS7HfvvX59kgEhoB8xTmxpDiJ-Ja30RIoWB5In1VSnKT4bhg\/s320\/Iglesia+cristiana+Berea.jpg\" width=\"320\" \/><\/a><\/div><div style=\"text-align: justify;\">&nbsp;<span style=\"background-color: white; color: #333333; font-family: Verdana, Geneva, sans-serif; font-size: 14px;\">Un cartel en un espacio de culto en Sabanalarga, Atl\u00e1ntico, marca la cuenta regresiva para que Jes\u00fas regrese por segunda vez. La fecha l\u00edmite puesta es enero 28 de 2021.<\/span><\/div><p><\/p><div class=\"code-block code-block-4\" style=\"background-color: white; box-sizing: border-box; clear: both; color: #333333; font-family: Verdana, Geneva, sans-serif; font-size: 14px; margin: 8px 0px;\"><\/div><p style=\"background-color: white; box-sizing: border-box; color: #333333; font-family: Verdana, Geneva, sans-serif; font-size: 14px; margin: 0px 0px 10px; text-align: justify;\">El asunto no llamar\u00eda tanto la atenci\u00f3n de no ser porque veinticinco personas, incluidos cinco ni\u00f1os, est\u00e1n recluidos desde diciembre ayunado. Entre los congregados hay ni\u00f1os.<\/p><div class=\"code-block code-block-5\" style=\"background-color: white; box-sizing: border-box; clear: both; color: #333333; font-family: Verdana, Geneva, sans-serif; font-size: 14px; margin: 8px 0px;\"><\/div><div class=\"code-block code-block-1\" style=\"background-color: white; box-sizing: border-box; clear: both; color: #333333; font-family: Verdana, Geneva, sans-serif; font-size: 14px; margin: 8px 0px;\"><\/div><p style=\"background-color: white; box-sizing: border-box; color: #333333; font-family: Verdana, Geneva, sans-serif; font-size: 14px; margin: 0px 0px 10px; text-align: justify;\">Los feligreses de la iglesia, denominada Iglesia Cristiana Berea, regalaron sus bienes y posesiones, para dedicarse a la oraci\u00f3n, la lectura de la Biblia y \u201chablar en lengua\u201d. Pr\u00e1ctica pentecostal que asusta a muchos de los vecinos del lugar de culto. Seg\u00fan algunos habitantes del corregimiento Isabel L\u00f3pez, los ni\u00f1os no est\u00e1n recibiendo alimentos. Los feligreses de la Iglesia Cristiana Berea han dicho a los medios de comunicaci\u00f3n que esperan es el segundo regreso de Jes\u00fas, tras lo cual ser\u00e1n arrebatados por Dios, y se dar\u00e1 la resurrecci\u00f3n de los muertos.<\/p><p style=\"background-color: white; box-sizing: border-box; color: #333333; font-family: Verdana, Geneva, sans-serif; font-size: 14px; margin: 0px 0px 10px; text-align: justify;\">Seg\u00fan declaraciones dadas a Alerta Caribe, el personero de Sabanalarga, Luis Fernando Moreno Llin\u00e1s, los menores de edad, hijos de los feligreses que esperan el advenimiento, no est\u00e1n haciendo ayuno. Sin embargo, estos ni\u00f1os est\u00e1n siendo expuestos al ambiente de \u00e9xtasis religioso, adem\u00e1s de que no han iniciado clases, porque sus padres consideran que el fin del mundo est\u00e1 cerca.<\/p><div class=\"code-block code-block-8\" style=\"background-color: white; box-sizing: border-box; clear: both; color: #333333; font-family: Verdana, Geneva, sans-serif; font-size: 14px; margin: 8px auto; text-align: center;\"><\/div><p style=\"background-color: white; box-sizing: border-box; color: #333333; font-family: Verdana, Geneva, sans-serif; font-size: 14px; margin: 0px 0px 10px; text-align: justify;\">Seg\u00fan datos del Ministerio del Interior, aparece la \u201cIglesia Cristiana Berea\u201d registrada en Barranquilla con personer\u00eda jur\u00eddica especial 6026 del 6 de diciembre de 2010 y con Gabriel Alberto Ferrer Ruiz como representante legal (Esto en el Registro p\u00fablico de entidades religiosas de 2015). En Colombia se registra en promedio una iglesia cristiana a diario, siendo ya m\u00e1s de siete mil entidades religiosas, y la cifra crece. No existe para estas entidades religiosas y sus pastores ninguna fiscalizaci\u00f3n sobre los dineros que reciben por parte de diezmos y ofrendas, ni tampoco protocolos qu\u00e9 indiquen si una entidad de estas puede perder su personer\u00eda jur\u00eddica en caso de exponer a sus feligreses a situaciones peligrosas, como parece darse en este caso.<\/p><p style=\"background-color: white; box-sizing: border-box; color: #333333; font-family: Verdana, Geneva, sans-serif; font-size: 14px; margin: 0px 0px 10px; text-align: justify;\">Respecto a la segunda venida de Jes\u00fas esta ha sido profetizada decenas de veces. Resultando todos esos anuncios fallidos. Uno de los registros m\u00e1s antiguos se tiene del a\u00f1o 156 por un predicador de nombre Montano.<\/p><p style=\"background-color: white; box-sizing: border-box; color: #333333; font-family: Verdana, Geneva, sans-serif; font-size: 14px; margin: 0px 0px 10px; text-align: justify;\">Lo mismo ocurri\u00f3 en el a\u00f1o 500, 1366, 1532, 1533, 1555, 1666, 1792 y as\u00ed sucesivamente.<\/p><p style=\"background-color: white; box-sizing: border-box; color: #333333; font-family: Verdana, Geneva, sans-serif; font-size: 14px; margin: 0px 0px 10px; text-align: justify;\">El siglo XIX fue copioso en movimientos que predicaban el advenimiento de Cristo, especialmente en los Estados Unidos. Es as\u00ed como nacen los mormones, se denominan santos de los \u00faltimos d\u00edas. Siendo los \u00faltimos d\u00edas desde hace siglo y medio.<\/p><p style=\"background-color: white; box-sizing: border-box; color: #333333; font-family: Verdana, Geneva, sans-serif; font-size: 14px; margin: 0px 0px 10px; text-align: justify;\">El \u00e1nimo prof\u00e9tico se profundiz\u00f3 luego con el predicador bautista William Miller, quien haciendo c\u00e1lculos num\u00e9ricos con textos de la Biblia profetiz\u00f3 el segundo advenimiento para 21 de marzo de 1844, y posteriormente corri\u00f3 la fecha al 22 de octubre de 1844. Para esta segunda ocasi\u00f3n miles de personas hab\u00edan vendido sus posesiones y reunido en oraci\u00f3n, similar a lo que hacen ahora los feligreses de la Iglesia Berea. Pasada la fecha, y dado que nada ocurri\u00f3, el hecho se conoci\u00f3 como \u201cel gran chasco adventista\u201d.<\/p><p style=\"background-color: white; box-sizing: border-box; color: #333333; font-family: Verdana, Geneva, sans-serif; font-size: 14px; margin: 0px 0px 10px; text-align: justify;\">Sin embargo, varios feligreses no se desanimaron. Optaron por una muy conveniente reinterpretaci\u00f3n de la profec\u00eda. Seg\u00fan ellos, la profec\u00eda estaba bien calculada, excepto que el evento no era el segundo regreso de Jes\u00fas, sino del paso de Cristo del lugar santo al sant\u00edsimo en un santuario celestial. Esta l\u00ednea de creyentes form\u00f3 las iglesias adventistas que llevan predicando un inminente segundo regreso de Jes\u00fas, pero ya sin aventurarse a poner fechas precisas. Ser muy espec\u00edfico nunca ha resultado ser \u00fatil para ning\u00fan profeta.<\/p><p style=\"background-color: white; box-sizing: border-box; color: #333333; font-family: Verdana, Geneva, sans-serif; font-size: 14px; margin: 0px 0px 10px; text-align: justify;\">Dentro de los tempranos feligreses adventistas se encontraba Charles Taze Russell, quien form\u00f3 luego un grupo aparte de estudiantes de la Biblia. Russell fij\u00f3 la fecha del Armaged\u00f3n para 1874 y luego para 1914. Como en 1914 no sucede lo predicado, Russell hace uso del recurso que buen resultado les dio a los adventistas decepcionados de 1844: Cambiar lo profetizado. Jes\u00fas si vino, solo que, de manera invisible, explic\u00f3 Russell. Es por esto que sus lugares de culto se denominan \u201cSalones del reino\u201d. La vertiente cristiana formada por Russell se denomina Testigos de Jehov\u00e1. Son los campeones en predicciones fallidas.<\/p><p style=\"background-color: white; box-sizing: border-box; color: #333333; font-family: Verdana, Geneva, sans-serif; font-size: 14px; margin: 0px 0px 10px; text-align: justify;\">Este grupo religioso volvi\u00f3 a profetizar que en 1925 resucitar\u00edan los patriarcas del Antiguo Testamento: Abraham, Isaac, Jacob, etc. Para esto compraron una mansi\u00f3n en California llamada Beth-Sarim, o casa de los pr\u00edncipes. Como pas\u00f3 1925 y esto no ocurri\u00f3, Joseph Franklin Rutherford, entonces presidente de los Testigos de Jehov\u00e1, se fue a vivir all\u00e1. \u00a1Menos mal la platica no se perdi\u00f3!<\/p><p style=\"background-color: white; box-sizing: border-box; color: #333333; font-family: Verdana, Geneva, sans-serif; font-size: 14px; margin: 0px 0px 10px; text-align: justify;\">1975 fue la nueva fecha fijada por los Testigos de Jehov\u00e1 para el Armaged\u00f3n, alegando que se cumpl\u00edan los seis mil a\u00f1os desde la creaci\u00f3n del hombre. Este nuevo fallo prof\u00e9tico tuvo un gran efecto en perdida de feligres\u00eda. Sin embargo, no volviendo a mencionar los fallos y ocultando las publicaciones antiguas, es posible pasar la p\u00e1gina y seguir adelante con la iglesia.<\/p><p style=\"background-color: white; box-sizing: border-box; color: #333333; font-family: Verdana, Geneva, sans-serif; font-size: 14px; margin: 0px 0px 10px; text-align: justify;\">Mas recientemente, el teleevangelista Harold Camping profetiz\u00f3 el fin del mundo para 2008 y luego para el 15 de octubre de 2011. &nbsp;Como era de esperarse, nada de esto ocurri\u00f3.<\/p><p style=\"background-color: white; box-sizing: border-box; color: #333333; font-family: Verdana, Geneva, sans-serif; font-size: 14px; margin: 0px 0px 10px; text-align: justify;\">El propio texto de los evangelios cristianos pone en labios de Jes\u00fas las palabras \u201cEn verdad os digo que no pasar\u00e1 esta generaci\u00f3n hasta que todo esto suceda\u201d, hablando de su segundo regreso y el fin del mundo. Es evidente que no hay nadie del siglo I vivo andando por ah\u00ed. Es decir, que de haber sido estas palabras dichas por Jes\u00fas \u2013 en realidad los evangelios fueron escritos d\u00e9cadas despu\u00e9s de la vida del famoso predicador \u2013 este ser\u00eda el inicio de las predicciones fallidas.<\/p><p style=\"background-color: white; box-sizing: border-box; color: #333333; font-family: Verdana, Geneva, sans-serif; font-size: 14px; margin: 0px 0px 10px; text-align: justify;\">Obviamente los te\u00f3logos cristianos se han encargado de crear interpretaciones curiosas y rebuscadas para dar a entender que con \u201cesta generaci\u00f3n\u201d no se refer\u00eda a quienes lo escuchaban. Malabares teol\u00f3gicos que nunca faltan.<\/p><p style=\"background-color: white; box-sizing: border-box; color: #333333; font-family: Verdana, Geneva, sans-serif; font-size: 14px; margin: 0px 0px 10px; text-align: justify;\">Si tan solo se aplicara el pensamiento cr\u00edtico a las creencias religiosas no tendr\u00edamos noticias tan lamentables como las de personas que regalan sus bienes para esperar la venida del se\u00f1or, que rechazan las vacunas o las transfusiones de sangre, o de personas que dejan de lado una carrera universitaria, o rechazan un empleo porque se cruza con d\u00edas supuestamente sagrados, porque as\u00ed se lo ense\u00f1aron en su denominaci\u00f3n religiosa.<\/p><p style=\"background-color: white; box-sizing: border-box; color: #333333; font-family: Verdana, Geneva, sans-serif; font-size: 14px; margin: 0px 0px 10px; text-align: justify;\">M\u00e1s preocupante a\u00fan son los casos en los que se exponen a menores de edad a cultos en los que hay histerias colectivas, \u00e9xtasis religiosos que los pueden traumar o que se les priva de alimentos con ayunos o de una educaci\u00f3n abierta a la realidad del mundo. Vale la pena revisar hasta qu\u00e9 punto, una entidad religiosa puede, en nombre de la libertad religiosa, someter a menores de edad a situaciones negativas que ellos no eligieron. Esperemos que de Sabanalarga Atl\u00e1ntico, no nos lleguen malas noticias sobre los ni\u00f1os de la Iglesia Cristiana Berea tras la no venida de Jes\u00fas este 28 de enero.<br \/><\/p>","protected":false},"excerpt":{"rendered":"<p>&nbsp;Un cartel en un espacio de culto en Sabanalarga, Atl\u00e1ntico, marca la cuenta regresiva para que Jes\u00fas regrese por segunda vez. La fecha l\u00edmite puesta es enero 28 de 2021.El asunto no llamar\u00eda tanto la atenci\u00f3n de no ser porque veinticinco personas&#8230;<\/p>\n","protected":false},"author":170,"featured_media":0,"comment_status":"closed","ping_status":"open","sticky":false,"template":"","format":"standard","meta":{"footnotes":""},"categories":[4,68,182,1888,483],"tags":[],"class_list":["post-738379","post","type-post","status-publish","format-standard","hentry","category-blogs-colaboradores","category-colombia","category-fin-del-mundo","category-iglesia-cristiana-berea","category-segunda-venida-de-jesus"],"_links":{"self":[{"href":"https:\/\/www.redatea.net\/index.php\/wp-json\/wp\/v2\/posts\/738379","targetHints":{"allow":["GET"]}}],"collection":[{"href":"https:\/\/www.redatea.net\/index.php\/wp-json\/wp\/v2\/posts"}],"about":[{"href":"https:\/\/www.redatea.net\/index.php\/wp-json\/wp\/v2\/types\/post"}],"author":[{"embeddable":true,"href":"https:\/\/www.redatea.net\/index.php\/wp-json\/wp\/v2\/users\/170"}],"replies":[{"embeddable":true,"href":"https:\/\/www.redatea.net\/index.php\/wp-json\/wp\/v2\/comments?post=738379"}],"version-history":[{"count":2,"href":"https:\/\/www.redatea.net\/index.php\/wp-json\/wp\/v2\/posts\/738379\/revisions"}],"predecessor-version":[{"id":738536,"href":"https:\/\/www.redatea.net\/index.php\/wp-json\/wp\/v2\/posts\/738379\/revisions\/738536"}],"wp:attachment":[{"href":"https:\/\/www.redatea.net\/index.php\/wp-json\/wp\/v2\/media?parent=738379"}],"wp:term":[{"taxonomy":"category","embeddable":true,"href":"https:\/\/www.redatea.net\/index.php\/wp-json\/wp\/v2\/categories?post=738379"},{"taxonomy":"post_tag","embeddable":true,"href":"https:\/\/www.redatea.net\/index.php\/wp-json\/wp\/v2\/tags?post=738379"}],"curies":[{"name":"wp","href":"https:\/\/api.w.org\/{rel}","templated":true}]}}