{"id":738381,"date":"2020-10-19T17:43:00","date_gmt":"2020-10-19T16:43:00","guid":{"rendered":"http:\/\/www.redatea.net\/?guid=d95355e91c590958c6450807bd3ffc07"},"modified":"2020-10-19T17:43:00","modified_gmt":"2020-10-19T16:43:00","slug":"no-queremos-gente-pensante-sino-obediente-cura-directivo-de-colegio-en-concesion-2","status":"publish","type":"post","link":"http:\/\/blog-sin-dioses.blogspot.com\/2020\/10\/no-queremos-gente-pensante-sino.html","title":{"rendered":"\u201cNo queremos gente pensante sino obediente\u201d, Cura directivo de colegio en concesi\u00f3n"},"content":{"rendered":"<p><\/p><div class=\"separator\" style=\"clear: both; text-align: center;\"><a href=\"https:\/\/blogger.googleusercontent.com\/img\/b\/R29vZ2xl\/AVvXsEgO4VT5ySXWSbiDCi2g2VHYGCmr7aXgSaEb0U3GclvV4R0jSMRR2gnN4s7x5Kdms5qLIv7ddN5ySNaBP3vpAZ1VDb-P1dKlz2IgifYp7lwgxNTFcEgl7JbyYc_LdVbu2ofwfPca0Ai3oLk\/s994\/Jos%25C3%25A9+F%25C3%25A9lix+Jim%25C3%25A9nez.jpg\" imageanchor=\"1\" style=\"clear: left; float: left; margin-bottom: 1em; margin-right: 1em;\"><img border=\"0\" data-original-height=\"550\" data-original-width=\"994\" src=\"https:\/\/blogger.googleusercontent.com\/img\/b\/R29vZ2xl\/AVvXsEgO4VT5ySXWSbiDCi2g2VHYGCmr7aXgSaEb0U3GclvV4R0jSMRR2gnN4s7x5Kdms5qLIv7ddN5ySNaBP3vpAZ1VDb-P1dKlz2IgifYp7lwgxNTFcEgl7JbyYc_LdVbu2ofwfPca0Ai3oLk\/s320\/Jos%25C3%25A9+F%25C3%25A9lix+Jim%25C3%25A9nez.jpg\" width=\"320\" \/><\/a><\/div><p><\/p><p>En Colombia una parte de la educaci\u00f3n p\u00fablica est\u00e1 en concesi\u00f3n a entidades privadas, muchas de ellas de orientaci\u00f3n religiosa. En la ciudad de Pasto el Liceo Jos\u00e9 F\u00e9lix Jim\u00e9nez atiende en la jornada de la tarde a estudiantes por los que el Estado paga por su educaci\u00f3n y pone docentes oficiales.<\/p><p>En datos del Ministerio de Educaci\u00f3n aparece esta jornada tarde como sector oficial, C\u00f3digo Dane 252001006656 y como rector el se\u00f1or Fabio Gustavo Salazar Criollo. El colegio obedece la Obra Social el Carmen, organizaci\u00f3n religiosa fundada por un sacerdote antioque\u00f1o que le da el nombre al Liceo.<\/p><p>El sacerdote Jos\u00e9 F\u00e9lix Jim\u00e9nez G\u00f3mez ha sido noticia entre los docentes del sector p\u00fablico por dos situaciones. Primero por su oposici\u00f3n a los docentes que afirman que los estudiantes deben aprender a pensar, a ser cr\u00edticos con la informaci\u00f3n y los hechos de la sociedad. Para el sacerdote marinillo es una aberraci\u00f3n que los docentes no se limiten a ense\u00f1ar fechas, nombres y datos y que, por el contrario, inviten a los estudiantes a pensar. En su opini\u00f3n, tales docentes deben ser retirados. En una reuni\u00f3n de padres de familia les dirigi\u00f3 estas palabras que quedaron registradas en v\u00eddeo:<\/p><p><i><b>\u201cYo no acepto que digan \u201cqueremos gente pensante y no obediente\u201d.&nbsp; Aqu\u00ed nosotros predicamos el evangelio, y el evangelio es obediencia. Jesucristo es un personaje que vino a ense\u00f1arnos obediencia. La primera frase que dijo cuando vino a la Tierra es \u201cvine a obedecer\u201d y la \u00faltima: \u201che hecho todo lo que el padre mand\u00f3\u201d. No acepto entonces que digan semejantes cosas los educadores a los ni\u00f1os en la Obra Social. La Obra Social es una obra para evangelizar y para promover. El que no est\u00e9 de acuerdo con la Obra no debe trabajar en la Obra.\u201d<\/b><\/i><\/p><p>Estas palabras, m\u00e1s propias de la educaci\u00f3n del siglo XIX, bien podr\u00edan pasar por alto de no ser porque los estudiantes de la jornada de la tarde de esa instituci\u00f3n son pagados con recursos del Estado y los docentes que dan all\u00ed las clases son profesores contratados por el Estado a los que el sacerdote quiere limitar en su c\u00e1tedra, olvidando adem\u00e1s el principio de laicidad que debe imperar en la educaci\u00f3n p\u00fablica.<\/p><p>En la mentalidad del sacerdote no es posible ense\u00f1ar sobre otras religiones, culturas y cosmovisiones. Nada de educaci\u00f3n sexual, cuestionar el fundamentalismo religioso, mencionar las atrocidades de la Inquisici\u00f3n o cuestionarse los problemas de la sociedad actual sin la lente del catecismo. Pretende adem\u00e1s el sacerdote que se haga esto mientras el Estado gira fondos a la instituci\u00f3n que lleva su nombre.<\/p><p>El segundo aspecto es el de los dineros que el Estado env\u00eda a la instituci\u00f3n. Bien molesto se ha puesto el sacerdote porque el representante de los docentes al Consejo Directivo ha pedido cuentas por el destino de los dineros p\u00fablicos que el gobierno ha girado a la jornada de la tarde, que es la que recibe j\u00f3venes pagados con dineros p\u00fablicos.<\/p><p>\u201cLos profesores que est\u00e1n pidiendo cuentas no tienen raz\u00f3n para pedirlas\u2026 Es la anarqu\u00eda\u201d, dice el director religioso.<\/p><div class=\"separator\" style=\"clear: both; text-align: center;\"><iframe allowfullscreen=\"\" class=\"BLOG_video_class\" height=\"266\" src=\"https:\/\/www.youtube.com\/embed\/GH3ldeWnmkU\" width=\"320\" youtube-src-id=\"GH3ldeWnmkU\"><\/iframe><\/div><p>Consultada una docente del sindicato de maestros, Marta Alfonso, dice que hay una lucha por los docentes por conocer con transparencia el uso y destino de los dineros de la concesi\u00f3n. \u201cLo de la libertad de c\u00e1tedra es lo menos grave en el Liceo Jos\u00e9 F\u00e9lix. En Pasto hay un manto sobre ese sacerdote que lo hace intocable\u201d, afirm\u00f3.&nbsp; \u201cEstamos esperando unas respuestas que ha interpuesto SIMANA (Sindicato de maestros de Nari\u00f1o) porque hay indicios de que ni siquiera cumplen los requisitos para concesionar\u201d.<\/p><p>Por \u00faltimo, al sacerdote Jim\u00e9nez G\u00f3mez vale la pena presentarle otra cara de la educaci\u00f3n. Y que mejor comenzar con el pedagogo Paulo Freire: \u00abMi visi\u00f3n de la alfabetizaci\u00f3n va m\u00e1s all\u00e1 del ba, be, bi, bo, bu; porque implica una comprensi\u00f3n cr\u00edtica de la realidad social, pol\u00edtica y econ\u00f3mica en la que vive el alfabetizado\u00bb<\/p><p><br \/><\/p><p>Invitamos a ver el conversatorio sobre educaci\u00f3n laica disponible en el canal de Bogot\u00e1 Atea. Dejamos aqu\u00ed el primero de una serie de 8 v\u00eddeos.&nbsp;<\/p><div class=\"separator\" style=\"clear: both; text-align: center;\"><iframe allowfullscreen=\"\" class=\"BLOG_video_class\" height=\"266\" src=\"https:\/\/www.youtube.com\/embed\/-8cCqNFG6FA\" width=\"320\" youtube-src-id=\"-8cCqNFG6FA\"><\/iframe><\/div><br \/><p><br \/><\/p>","protected":false},"excerpt":{"rendered":"<p>En Colombia una parte de la educaci\u00f3n p\u00fablica est\u00e1 en concesi\u00f3n a entidades privadas, muchas de ellas de orientaci\u00f3n religiosa. En la ciudad de Pasto el Liceo Jos\u00e9 F\u00e9lix Jim\u00e9nez atiende en la jornada de la tarde a estudiantes por los que el Estado paga&#8230;<\/p>\n","protected":false},"author":170,"featured_media":0,"comment_status":"closed","ping_status":"open","sticky":false,"template":"","format":"standard","meta":{"footnotes":""},"categories":[4,68,1664,1881,1882],"tags":[],"class_list":["post-738381","post","type-post","status-publish","format-standard","hentry","category-blogs-colaboradores","category-colombia","category-educacion-laica","category-educacion-religiosa","category-jose-feliz-jimenez"],"_links":{"self":[{"href":"https:\/\/www.redatea.net\/index.php\/wp-json\/wp\/v2\/posts\/738381","targetHints":{"allow":["GET"]}}],"collection":[{"href":"https:\/\/www.redatea.net\/index.php\/wp-json\/wp\/v2\/posts"}],"about":[{"href":"https:\/\/www.redatea.net\/index.php\/wp-json\/wp\/v2\/types\/post"}],"author":[{"embeddable":true,"href":"https:\/\/www.redatea.net\/index.php\/wp-json\/wp\/v2\/users\/170"}],"replies":[{"embeddable":true,"href":"https:\/\/www.redatea.net\/index.php\/wp-json\/wp\/v2\/comments?post=738381"}],"version-history":[{"count":2,"href":"https:\/\/www.redatea.net\/index.php\/wp-json\/wp\/v2\/posts\/738381\/revisions"}],"predecessor-version":[{"id":738537,"href":"https:\/\/www.redatea.net\/index.php\/wp-json\/wp\/v2\/posts\/738381\/revisions\/738537"}],"wp:attachment":[{"href":"https:\/\/www.redatea.net\/index.php\/wp-json\/wp\/v2\/media?parent=738381"}],"wp:term":[{"taxonomy":"category","embeddable":true,"href":"https:\/\/www.redatea.net\/index.php\/wp-json\/wp\/v2\/categories?post=738381"},{"taxonomy":"post_tag","embeddable":true,"href":"https:\/\/www.redatea.net\/index.php\/wp-json\/wp\/v2\/tags?post=738381"}],"curies":[{"name":"wp","href":"https:\/\/api.w.org\/{rel}","templated":true}]}}