{"id":738387,"date":"2020-06-10T14:51:00","date_gmt":"2020-06-10T13:51:00","guid":{"rendered":"http:\/\/www.redatea.net\/?guid=1989dc547ccfb4d9210042210a38b8d3"},"modified":"2020-06-10T14:51:00","modified_gmt":"2020-06-10T13:51:00","slug":"reabrir-iglesias-es-irresponsable-y-peligroso-2","status":"publish","type":"post","link":"http:\/\/blog-sin-dioses.blogspot.com\/2020\/06\/reabrir-iglesias-es-irresponsable-y.html","title":{"rendered":"Reabrir iglesias es irresponsable y peligroso"},"content":{"rendered":"<div class=\"separator\"><br \/><\/div><p style=\"background: white; margin: 0cm 0cm 7.2pt; text-align: justify;\"><\/p><div class=\"separator\" style=\"clear: both; text-align: center;\"><a href=\"https:\/\/blogger.googleusercontent.com\/img\/b\/R29vZ2xl\/AVvXsEhnfXYGIIqPllbOF8_d0AkKq4oobsLFEHuhK5hlhfEMCKF05ajUQ0s-Lee6NCqh_gB8vs0aTt4Ay53MybOsU-P_H9hnaL5iGExE4-24SV3do393PaaDswQBT031vuX3yamhaJET7aQiKAc\/s2000\/reabrir+iglesias+es+irresponsable.png\" style=\"clear: left; float: left; margin-bottom: 1em; margin-right: 1em;\"><img border=\"0\" data-original-height=\"1000\" data-original-width=\"2000\" height=\"320\" src=\"https:\/\/blogger.googleusercontent.com\/img\/b\/R29vZ2xl\/AVvXsEhnfXYGIIqPllbOF8_d0AkKq4oobsLFEHuhK5hlhfEMCKF05ajUQ0s-Lee6NCqh_gB8vs0aTt4Ay53MybOsU-P_H9hnaL5iGExE4-24SV3do393PaaDswQBT031vuX3yamhaJET7aQiKAc\/w640-h320\/reabrir+iglesias+es+irresponsable.png\" width=\"640\" \/><\/a><\/div><span style=\"color: black; font-family: arial, sans-serif; font-size: 13pt;\"><br \/><\/span><p><\/p><p style=\"background: white; margin: 0cm 0cm 7.2pt; text-align: justify;\"><span style=\"color: black; font-family: arial, sans-serif; font-size: 13pt;\">Pastores de diferentes\ntintes han estado haciendo presi\u00f3n para que se haga una apertura pronta de los\ntemplos para realizar cultos. De hecho, el sector religioso tiene una\ninterlocuci\u00f3n directa con el Ministerio del interior, y eso, sumado a su poder\npol\u00edtico y econ\u00f3mico lo han usado para pedir la normalizaci\u00f3n de sus pr\u00e1cticas.<\/span><span style=\"font-family: arial, sans-serif; font-size: 13pt;\"><o:p><\/o:p><\/span><\/p>\n\n<p style=\"background: white; margin: 0cm 0cm 7.2pt; text-align: justify;\"><span style=\"color: black; font-family: arial, sans-serif; font-size: 13pt;\">Sin duda en Colombia existe\nel derecho a practicar un culto, y este es un derecho fundamental. Sin embargo,\ncabe recordar que ning\u00fan derecho es absoluto. El leg\u00edtimo derecho al culto no\npuede estar por encima del derecho de los dem\u00e1s a no ser contagiados en una\ncrisis de salud como la actual.<\/span><span style=\"font-family: arial, sans-serif; font-size: 13pt;\"><o:p><\/o:p><\/span><\/p>\n\n<p style=\"background: white; margin: 0cm 0cm 7.2pt; text-align: justify;\"><span style=\"color: black; font-family: arial, sans-serif; font-size: 13pt;\">Los hechos muestran\nque los lugares de culto son, por el hecho de generar congregaci\u00f3n,\nespecialmente \u00fatiles al virus para poderse propagar. En marzo de este a\u00f1o, en\nCorea del Sur, el principal punto de contagio fue la iglesia de Grace River de\nSeongnam. All\u00ed 135 fieles dieron positivo al COVID-19, incluido el pastor y su\nesposa.<\/span><span style=\"font-family: arial, sans-serif; font-size: 13pt;\"><o:p><\/o:p><\/span><\/p>\n\n<p style=\"background: white; margin: 0cm 0cm 7.2pt; text-align: justify;\"><span style=\"color: black; font-family: arial, sans-serif; font-size: 13pt;\">El brote m\u00e1s grande\ndel coronavirus en Francia se dio precisamente en un templo. En la iglesia\nevang\u00e9lica <span style=\"background: white; font-family: arial, sans-serif;\">de\nMulhouse<\/span><span style=\"background: white;\"><span style=\"-webkit-text-stroke-width: 0px; float: none; font-variant-caps: normal; font-variant-ligatures: normal; orphans: 2; text-align: start; text-decoration-color: initial; text-decoration-style: initial; widows: 2; word-spacing: 0px;\">, en el este de Francia, donde tras un culto en marzo, 800\npersonas resultaron contagiadas. De hecho, el pastor de esa iglesia pidi\u00f3\nperd\u00f3n p\u00fablicamente por haber llevado a cabo este servicio. <\/span><\/span><span style=\"font-family: arial, sans-serif; font-size: 13pt;\"><o:p><\/o:p><\/span><\/span><\/p>\n\n<p style=\"background: white; text-align: justify;\"><span style=\"color: black; font-family: arial, sans-serif; font-size: 13pt;\">El pasado\n2 de mayo el gobernador de Texas permiti\u00f3 la apertura de las iglesias en ese\nestado, lo que llev\u00f3 que a los pocos d\u00edas de iniciados los servicios religiosos\nun cura, el se\u00f1or Donnel Kirchner, de la iglesia cat\u00f3lica \u201cEl Esp\u00edritu santo\u201d falleci\u00f3,\nluego cinco miembros de la parroquia dieron positivo de COVID-19.<\/span><span style=\"font-family: arial, sans-serif; font-size: 13pt;\"><o:p><\/o:p><\/span><\/p>\n\n<p style=\"background: white; text-align: justify;\"><span style=\"color: black; font-family: arial, sans-serif; font-size: 13pt;\">En Chile, Mario\nSalfate, un pastor evang\u00e9lico, asisti\u00f3 a una reuni\u00f3n religiosa con unas 300\npersonas el 16 de marzo, cuando en su pa\u00eds ya hab\u00eda advertencias y medidas por\nla peligrosidad del virus. A los pocos d\u00edas el pastor dio positivo de covid-19\njunto a otros tres participantes del culto. Muri\u00f3 a mediados de abril.<\/span><span style=\"font-family: arial, sans-serif; font-size: 13pt;\"><o:p><\/o:p><\/span><\/p>\n\n<p style=\"background: white; margin: 0cm 0cm 7.2pt; text-align: justify;\"><span style=\"color: black; font-family: arial, sans-serif; font-size: 13pt;\">En un Estado laico como\nlo es Colombia, las iglesias son todas iguales y est\u00e1n sujetas a las normas civiles.\nTodos los templos, desde el punto de vista de la salud p\u00fablica, est\u00e1n en la\nmisma categor\u00eda que los cines, bares, discotecas, y teatros, lugares de mucha\nconcurrencia y elevado riesgo de contagio. El argumento de la necesidad\nespiritual del culto no puede ser motivo para privilegiar la apertura de los templos\nsobre los bares, por ejemplo. Para un no creyente, reunirse con sus amigos en\nun bar, es una experiencia humana y social igual tan importante como la de\nquien va a un culto a escuchar un serm\u00f3n y entregar su diezmo. Para un Estado\nsensato deben primar las medidas sanitarias emanadas del conocimiento\ncient\u00edfico antes que las consideraciones subjetivas de los ciudadanos.<\/span><span style=\"font-family: arial, sans-serif; font-size: 13pt;\"><o:p><\/o:p><\/span><\/p>\n\n<p style=\"background: white; margin: 0cm 0cm 7.2pt; text-align: justify;\"><span style=\"color: black; font-family: arial, sans-serif; font-size: 13pt;\">Los l\u00edderes religiosos\npueden decir que van a seguir protocolos de seguridad. Sin embargo, caben elementales\npreguntas log\u00edsticas: \u00bfqui\u00e9n tiene derecho a participar en los servicios\nreligiosos si la capacidad de los templos no permite el ingreso de todos? \u00bfSe\nhar\u00e1n reservas? \u00bfCon base en qu\u00e9 criterios? \u00bfQu\u00e9 har\u00e1n cuando lleguen a sus\npuertas mayores de 65 a\u00f1os o la asistencia sea mayor al aforo, justo cuando la\npoblaci\u00f3n m\u00e1s religiosa en Colombia es justamente la mayor en edad?<\/span><span style=\"font-family: arial, sans-serif; font-size: 13pt;\"><o:p><\/o:p><\/span><\/p>\n\n<p style=\"background: white; margin: 0cm 0cm 7.2pt; text-align: justify;\"><span style=\"color: black; font-family: arial, sans-serif; font-size: 13pt;\">Los lideres religiosos\nno han mostrado ser especialmente cuidadosos con el acatamiento de las medidas\nsanitarias. El pasado jueves santo el sacerdote de la Parroquia Santa M\u00f3nica de\nPasto abri\u00f3 las puestas a los servicios religiosos, generando aglomeraciones. Esto\nfue justo al frente de un CAI, aunque no hubo intervenci\u00f3n de la Polic\u00eda (\u00bfC\u00f3mo\nesperar que lo haga cu\u00e1ndo los polic\u00edas son formados bajo la influencia de un\nobispado castrense cat\u00f3lico llevando a ignorar que somos un Estado laico?) <\/span><span style=\"font-family: arial, sans-serif; font-size: 13pt;\"><o:p><\/o:p><\/span><\/p>\n\n<p style=\"background: white; margin: 0cm 0cm 7.2pt; text-align: justify;\"><span style=\"color: black; font-family: arial, sans-serif; font-size: 13pt;\">El pasado 10 de mayo\nel pastor Rich Vera lider\u00f3 un culto evang\u00e9lico de \u201cThe center Arena\u201d en\nOrlando, Florida llamando a los asistentes a sentarse m\u00e1s cerca de \u00e9l: \"No\nhay coronavirus aqu\u00ed\", sostuvo, sin prueba cient\u00edfica alguna.<\/span><span style=\"font-family: arial, sans-serif; font-size: 13pt;\"><o:p><\/o:p><\/span><\/p><p style=\"background: white; margin: 0cm 0cm 7.2pt; text-align: justify;\"><span style=\"font-family: arial, sans-serif; font-size: 13pt;\"><\/span><\/p><div class=\"separator\" style=\"clear: both; text-align: center;\"><a href=\"https:\/\/blogger.googleusercontent.com\/img\/b\/R29vZ2xl\/AVvXsEgxvF4cgAkmNBo5kRrfqa5AsAodcOnXUHxlgnE4mXIlDb3Czr8k8hndvlujMCNIQ9IZGZk6hVNozTPis0ebaoVIyxCv2SN7Sbz2QHcDFMAZkT_Fa7kn9RY514ZsZzop5TqM3g_SrcBBuHY\/s690\/Rich+Vera.jpg\" style=\"clear: left; float: left; margin-bottom: 1em; margin-right: 1em;\"><img border=\"0\" data-original-height=\"690\" data-original-width=\"506\" height=\"640\" src=\"https:\/\/blogger.googleusercontent.com\/img\/b\/R29vZ2xl\/AVvXsEgxvF4cgAkmNBo5kRrfqa5AsAodcOnXUHxlgnE4mXIlDb3Czr8k8hndvlujMCNIQ9IZGZk6hVNozTPis0ebaoVIyxCv2SN7Sbz2QHcDFMAZkT_Fa7kn9RY514ZsZzop5TqM3g_SrcBBuHY\/w470-h640\/Rich+Vera.jpg\" width=\"470\" \/><\/a><\/div>Y las pruebas cient\u00edficas est\u00e1n especialmente fuera de los templos. El mismo pastor Rich River<span style=\"font-family: arial, sans-serif; font-size: 13pt;\">a, que se hace llamar \u201cprofeta y ungido con el poderoso don de milagros\u201d afirm\u00f3 en su cuenta de Facebook: \u201cEl temor y la manipulaci\u00f3n es peor que el virus.&nbsp;<\/span><span style=\"font-family: arial, sans-serif; font-size: 13pt;\">&nbsp;<\/span><span style=\"font-family: arial, sans-serif; font-size: 13pt;\">\u00a1La iglesia de Cristo somos la \u00fanica entidad que tiene la soluci\u00f3n! No est\u00e1 la respuesta en los m\u00e9dicos, ni en la ciencia, ni en los pol\u00edticos. Pero en la Iglesia viva de Cristo\u201d<\/span><p><\/p>\n\n<p style=\"background: white; margin: 0cm 0cm 7.2pt; text-align: justify;\"><span style=\"color: black; font-family: arial, sans-serif; font-size: 13pt;\">En Brasil, los\nevang\u00e9licos se han puesto de lado del presidente Jair Bolsonaro en su\nirresponsable manejo de la pandemia y relativizaci\u00f3n de la gravedad de la\nmisma. Grandes l\u00edderes evang\u00e9licos y millonarios del diezmo como Edir\nMacedo, de la Iglesia Universal del Reino de Dios, y Silas Malafaia, de la\nIglesia Asamblea de Dios Victoria en Cristo, han hecho p\u00fablicas sus cr\u00edticas a\nlas medidas de aislamiento social en Brasil, estando en l\u00ednea con el presidente\nbrasile\u00f1o.<\/span><span style=\"font-family: arial, sans-serif; font-size: 13pt;\"><o:p><\/o:p><\/span><\/p>\n\n<p style=\"background: white; margin: 0cm 0cm 7.2pt; text-align: justify;\"><span style=\"color: black; font-family: arial, sans-serif; font-size: 13pt;\">En esta emergencia \u201cya\nno hay jud\u00edo ni griego; no hay esclavo ni libre; no hay var\u00f3n ni mujer; porque\ntodos somos susceptibles al Sars-Cov2\u201d<\/span><span style=\"font-family: arial, sans-serif; font-size: 13pt;\"><o:p><\/o:p><\/span><\/p>\n\n<p class=\"MsoNormal\"><span style=\"font-family: arial, sans-serif; font-size: 13pt; line-height: 107%;\">La libertad religiosa no da derecho a poner la vida de las\npersonas en riesgo. \u00a1Templos cerrados hasta que la pandemia sea superada!<\/span><\/p>","protected":false},"excerpt":{"rendered":"<p>Pastores de diferentes<br \/>\ntintes han estado haciendo presi\u00f3n para que se haga una apertura pronta de los<br \/>\ntemplos para realizar cultos. De hecho, el sector religioso tiene una<br \/>\ninterlocuci\u00f3n directa con el Ministerio del interior, y eso, sumado a su poder<br \/>\np&#8230;<\/p>\n","protected":false},"author":170,"featured_media":0,"comment_status":"closed","ping_status":"open","sticky":false,"template":"","format":"standard","meta":{"footnotes":""},"categories":[4,413,548],"tags":[],"class_list":["post-738387","post","type-post","status-publish","format-standard","hentry","category-blogs-colaboradores","category-iglesia-pentecostal","category-iglesia-universal-del-reino-de-dios"],"_links":{"self":[{"href":"https:\/\/www.redatea.net\/index.php\/wp-json\/wp\/v2\/posts\/738387","targetHints":{"allow":["GET"]}}],"collection":[{"href":"https:\/\/www.redatea.net\/index.php\/wp-json\/wp\/v2\/posts"}],"about":[{"href":"https:\/\/www.redatea.net\/index.php\/wp-json\/wp\/v2\/types\/post"}],"author":[{"embeddable":true,"href":"https:\/\/www.redatea.net\/index.php\/wp-json\/wp\/v2\/users\/170"}],"replies":[{"embeddable":true,"href":"https:\/\/www.redatea.net\/index.php\/wp-json\/wp\/v2\/comments?post=738387"}],"version-history":[{"count":2,"href":"https:\/\/www.redatea.net\/index.php\/wp-json\/wp\/v2\/posts\/738387\/revisions"}],"predecessor-version":[{"id":738540,"href":"https:\/\/www.redatea.net\/index.php\/wp-json\/wp\/v2\/posts\/738387\/revisions\/738540"}],"wp:attachment":[{"href":"https:\/\/www.redatea.net\/index.php\/wp-json\/wp\/v2\/media?parent=738387"}],"wp:term":[{"taxonomy":"category","embeddable":true,"href":"https:\/\/www.redatea.net\/index.php\/wp-json\/wp\/v2\/categories?post=738387"},{"taxonomy":"post_tag","embeddable":true,"href":"https:\/\/www.redatea.net\/index.php\/wp-json\/wp\/v2\/tags?post=738387"}],"curies":[{"name":"wp","href":"https:\/\/api.w.org\/{rel}","templated":true}]}}