{"id":738393,"date":"2020-04-15T02:21:00","date_gmt":"2020-04-15T01:21:00","guid":{"rendered":"http:\/\/www.redatea.net\/?guid=a76b89bddc0c266f171275bedb23f8e5"},"modified":"2020-04-15T02:21:00","modified_gmt":"2020-04-15T01:21:00","slug":"sin-precedentes-fiscalia-de-colombia-allana-la-arquidiocesis-de-villavicencio-2","status":"publish","type":"post","link":"http:\/\/blog-sin-dioses.blogspot.com\/2020\/04\/sin-precedentes-fiscalia-de-colombia.html","title":{"rendered":"Sin precedentes: Fiscal\u00eda de Colombia allana la Arquidi\u00f3cesis de Villavicencio"},"content":{"rendered":"<br \/>\n<div class=\"separator\" style=\"clear: both; text-align: center;\">\n<a href=\"https:\/\/blogger.googleusercontent.com\/img\/b\/R29vZ2xl\/AVvXsEinKLbtfoP7u07qdHovj35Y-0GAmHqc9XNlYNuEWpm5jEaaNossZpcfN-ESwi4w4WGR-O2Ue3hQn0Bt70WGa4ZDnNMDtvCYzJ-BvoCL4GGs443dFyqCTgB3H20Q6DwUeE1UVtiqqLd2j9g\/s1600\/Di%25C3%25B3cesis+de+Villavicencio+2.jpg\" imageanchor=\"1\" style=\"clear: left; float: left; margin-bottom: 1em; margin-right: 1em;\"><img border=\"0\" data-original-height=\"768\" data-original-width=\"1024\" height=\"300\" src=\"https:\/\/blogger.googleusercontent.com\/img\/b\/R29vZ2xl\/AVvXsEinKLbtfoP7u07qdHovj35Y-0GAmHqc9XNlYNuEWpm5jEaaNossZpcfN-ESwi4w4WGR-O2Ue3hQn0Bt70WGa4ZDnNMDtvCYzJ-BvoCL4GGs443dFyqCTgB3H20Q6DwUeE1UVtiqqLd2j9g\/s400\/Di%25C3%25B3cesis+de+Villavicencio+2.jpg\" width=\"400\" \/><\/a><\/div>\n<div class=\"MsoNormal\">\nEn un hecho asombroso y sin precedentes, <a href=\"https:\/\/www.bluradio.com\/judicial\/fiscalia-inspecciono-arquidiocesis-de-villavicencio-por-supuestos-casos-de-abuso-247850-ie435\">la Fiscal\u00eda General de la Naci\u00f3n inspeccion\u00f3 de manera sorpresiva la sede de la Arquidi\u00f3cesis de Villavicencio en busca de informaci\u00f3n sobre sacerdotes pederastas. <\/a><o:p><\/o:p><\/div>\n<div class=\"MsoNormal\">\n<br \/><\/div>\n<div class=\"MsoNormal\">\nDesde los or\u00edgenes de Colombia como naci\u00f3n, y mucho antes,\nla Iglesia Cat\u00f3lica se percib\u00eda como una instituci\u00f3n a la par de las dem\u00e1s\ninstituciones que gobernaban pueblos, ciudades y el pa\u00eds, raz\u00f3n por lo que un\noperativo de inspecci\u00f3n en la sede del obispo que preside la Conferencia\nEpiscopal de Colombia es totalmente novedoso en la historia del pa\u00eds.<o:p><\/o:p><\/div>\n<div class=\"MsoNormal\">\n<br \/><\/div>\n<div class=\"MsoNormal\">\nLa acci\u00f3n ocurri\u00f3 este lunes 13 de abril, lunes de pascua,\ntras las declaraciones de un testigo que ha contado al ente investigador como\nuna red de sacerdotes abusaron sexualmente de \u00e9l, desde que era muy joven,\nvali\u00e9ndose de su condici\u00f3n de pobreza. <o:p><\/o:p><\/div>\n<div class=\"MsoNormal\">\n<br \/><\/div>\n<div class=\"MsoNormal\">\nPor estas acciones la Iglesia suspendi\u00f3 a inicios de mes a\n15 sacerdotes, en un hecho igualmente novedoso, cuando el modus operandi era\nocultar y trasladar a los acusados, como bien lo ha revelado la investigaci\u00f3n\nde Juan Pablo Barrientos en \u201cDejad que los ni\u00f1os vengan a m\u00ed\u201d.<o:p><\/o:p><\/div>\n<div class=\"MsoNormal\">\n<br \/><\/div>\n<div class=\"MsoNormal\">\nEl vocero de la Arquidi\u00f3cesis, Carlos Villab\u00f3n, le se\u00f1al\u00f3 a\nSemana que a los sacerdotes acusados ante la ley \u201cSe les reporta que est\u00e1n\nimplicados all\u00ed, no se les est\u00e1 condenando ni absolviendo, pero s\u00ed se les est\u00e1\nponiendo otra medida mientras contin\u00faa la otra parte de la investigaci\u00f3n\u201d.<o:p><\/o:p><\/div>\n<div class=\"MsoNormal\">\n<br \/><\/div>\n<div class=\"MsoNormal\">\nSi bien Monse\u00f1or Oscar Urbina, el Presidente de la\nConferencia Episcopal de Colombia, declar\u00f3 entonces que \u201cno hay que dudar\ncuando se presentan estas situaciones\u201d, al parecer su colaboraci\u00f3n con la\nFiscal\u00eda General de la Naci\u00f3n no fue la suficiente para que el Estado lograse\nsaber toda la verdad sobre todos los sacerdotes denunciados por estos hechos. Por\nesta raz\u00f3n, se realiz\u00f3 el operativo de este lunes de pascua tomando por\nsorpresa a todos los funcionarios, incluyendo a la cabeza de la Iglesia en\nColombia. <o:p><\/o:p><\/div>\n<div class=\"MsoNormal\">\n<br \/><\/div>\n<div class=\"MsoNormal\">\nLa Fiscal\u00eda fue por los archivos secretos del Arzobispado.\nEstos documentos, celosamente guardados por la iglesia, incluyen todas las quejas\nque llegan sobre el accionar de los sacerdotes. <span style=\"mso-spacerun: yes;\">&nbsp;<\/span>Hasta el pasado 13 de abril las autoridades civiles\nde Colombia no hab\u00edan puesto un dedo encima sobre estos archivos.<o:p><\/o:p><\/div>\n<div class=\"MsoNormal\">\n<br \/><\/div>\n<div class=\"MsoNormal\">\nLa revelaci\u00f3n de esta acci\u00f3n de la Fiscal\u00eda, se dio a\nconocer por el periodista Juan Pablo Barrientos en <a href=\"https:\/\/caracol.com.co\/programa\/2020\/04\/14\/6am_hoy_por_hoy\/1586872451_115818.html\">\u201c6AM Hoy por Hoy\u201d de CaracolRadio. En esta revelaci\u00f3n noticiosa tambi\u00e9n se mencion\u00f3 que no son 19, sino 36los sacerdotes implicados por abuso sexual. <\/a>Uno de los sacerdotes involucrados\nes, nada m\u00e1s y nada menos que el Presidente del Tribunal Eclesi\u00e1stico de\nVillavicencio, Hernando Tovar Olaya. Es decir, la cabeza del que debe\nadministrar disciplina entre los cl\u00e9rigos. Tambi\u00e9n se conoci\u00f3 que \u00e9l, as\u00ed como\nvarios otros, no han sido suspendidos a\u00fan.<span style=\"mso-spacerun: yes;\">&nbsp;\n<\/span>Lama la atenci\u00f3n que dentro de los involucrados est\u00e1 el nombre de Arnulfo\nVega Rodr\u00edguez, quien adem\u00e1s de cura es juez de la Rep\u00fablica y el a\u00f1o pasado\nfue condenado a 7 a\u00f1os de casa por c\u00e1rcel por el delito de falsedad ideol\u00f3gica.<o:p><\/o:p><\/div>\n<div class=\"MsoNormal\">\n<br \/><\/div>\n<div class=\"MsoNormal\">\nComo se mencion\u00f3, Monse\u00f1or Urbina se hab\u00eda negado en darle\nla informaci\u00f3n completa a la Fiscal\u00eda sobre todas las quejas que se han tenido sobre\npederastia en la capital del Meta. El hecho que la Fiscal\u00eda estuviera en el\ncaso es por la denuncia hecha ante el ente estatal por una de las presuntas v\u00edctimas.\nSi la queja hubiese quedado solo en las denuncias dentro del arzobispado,\nprobablemente nada habr\u00eda pasado, aparte de pasar a los agresores de una\nparroquia a otra, o darles una penitencia de oraci\u00f3n y reflexi\u00f3n. La negativa a\nla efectiva colaboraci\u00f3n fue valientemente resuelta con esta diligencia sorpresiva,\nque agu\u00f3 la pascua entre los cl\u00e9rigos del Arzobispado. Seg\u00fan fuentes que\ncontaron los hechos, en esta diligencia, la cabeza de la Iglesia Cat\u00f3lica en\nColombia, habr\u00eda accedido ya, a hacer un acercamiento con el ente investigador\npara cooperar con la investigaci\u00f3n. <o:p><\/o:p><\/div>\n<div class=\"MsoNormal\">\n<br \/><\/div>\n<div class=\"separator\" style=\"clear: both; text-align: center;\">\n<a href=\"https:\/\/blogger.googleusercontent.com\/img\/b\/R29vZ2xl\/AVvXsEgnVlTweB3TM9ROA5igH23ep5eRG9RwWYT-zDM0tPfCOjhc84ISO2xddJqqkIO7gQ7k4NRchhqbcCBD4Xqpbf7H3DYXjj_B4jrwubjcCR5GMv1vvCByv8JfHVG6EFZwa946X34alzoTVtY\/s1600\/portada_dejad-que-los-ninos-vengan-a-mi_juan-pablo-barrientos.png\" imageanchor=\"1\" style=\"clear: right; float: right; margin-bottom: 1em; margin-left: 1em;\"><img border=\"0\" data-original-height=\"381\" data-original-width=\"253\" height=\"320\" src=\"https:\/\/blogger.googleusercontent.com\/img\/b\/R29vZ2xl\/AVvXsEgnVlTweB3TM9ROA5igH23ep5eRG9RwWYT-zDM0tPfCOjhc84ISO2xddJqqkIO7gQ7k4NRchhqbcCBD4Xqpbf7H3DYXjj_B4jrwubjcCR5GMv1vvCByv8JfHVG6EFZwa946X34alzoTVtY\/s320\/portada_dejad-que-los-ninos-vengan-a-mi_juan-pablo-barrientos.png\" width=\"211\" \/><\/a><\/div>\n<div class=\"MsoNormal\">\nLa Iglesia Cat\u00f3lica en Colombia ha sido renuente en el pasado\nreciente a permitir acceso a estos archivos en casos similares de abuso sexual.\n<a href=\"https:\/\/www.eltiempo.com\/justicia\/cortes\/ordenan-entregar-a-periodista-juan-pablo-barrientos-informacion-sobre-pederastia-en-la-iglesia-468742\">Cabe recordar que la ciudad de Medell\u00edn al investigador Juan Pablo Barrientos sele poder corroborar las denuncias que a \u00e9l llegaron con las anotaciones yregistros en los archivos del Arzobispado. La Iglesia alegaba que estos no son p\u00fablicos.Por esta negativa Barrientos puso una acci\u00f3n de tutela, la cual gan\u00f3, y posteriormente la Corte Constitucional, el m\u00e1ximo tribunal nacional, dijo en marzo que negar el acceso a estos datos s\u00ed afecta gravemente el derecho delperiodista a la informaci\u00f3n en un asunto de relevancia social, como lo son los presuntosabusos sexuales contra menores de edad.<\/a><\/div>\n<div class=\"MsoNormal\">\n<o:p><\/o:p><\/div>\n<div class=\"MsoNormal\">\n<br \/><\/div>\n<div class=\"MsoNormal\">\nEn casos de acusaciones de pederastia en Colombia, la\nIglesia ha esgrimido con sus abogados el Concordato entre el Estado colombiano\ny la Santa Sede para dejar a los sacerdotes sin castigo. Con este precedente\njudicial, se desbarata nuevamente este argumento defensivo. <o:p><\/o:p><\/div>\n<div class=\"MsoNormal\">\n<br \/><\/div>\n<div class=\"MsoNormal\">\nUn hecho, como el allanamiento de una sede arzobispal, <a href=\"https:\/\/www.france24.com\/es\/20180814-chile-abusos-conferencia-episcopal-vaticano\">tienesolo un precedente en Latinoam\u00e9rica en agosto de 2018, cuando la Fiscal\u00eda chilenaallan\u00f3 la sede del Arzobispado de Chile en busca de evidencias sobre los presuntos casos de pederastia cometidos por miembros de la Congregaci\u00f3nMarista. <\/a>Estas investigaciones involucran a una decena de sacerdotes maristas,\nas\u00ed como el encubrimiento sistem\u00e1tico de los obispos que sab\u00edan de estos\nnefandos hechos.<o:p><\/o:p><\/div>\n<div class=\"MsoNormal\">\n<br \/><\/div>\n<div class=\"MsoNormal\">\nEste allanamiento hecho por la seccional de la Fiscal\u00eda en\nVillavicencio es sumamente importante en la lucha contra la pederastia, y debe\nser aplaudido ya que la \u00fanica manera en que se pueda administrar justicia es\nconociendo toda la verdad y yendo mucho m\u00e1s que las suspensiones eclesi\u00e1sticas\n(que solo tienen efectos dentro de los ritos que los sacerdotes pueden oficiar)\npara pasar a las penas que exige la justicia colombiana, la cual no debe\nfrenarse cuando se encuentre con la Iglesia, porque precisamente Colombia es un\nestado laico. Esta diligencia de la Fiscal\u00eda es un precedente important\u00edsimo en\nla direcci\u00f3n correcta.<o:p><\/o:p><\/div>\n<br \/>","protected":false},"excerpt":{"rendered":"<p>En un hecho asombroso y sin precedentes, la Fiscal\u00eda General de la Naci\u00f3n inspeccion\u00f3 de manera sorpresiva la sede de la Arquidi\u00f3cesis de Villavicencio en busca de informaci\u00f3n sobre sacerdotes pederastas. <\/p>\n<p>Desde los or\u00edgenes de Colombia como nac&#8230;<\/p>\n","protected":false},"author":170,"featured_media":0,"comment_status":"closed","ping_status":"open","sticky":false,"template":"","format":"standard","meta":{"footnotes":""},"categories":[4,68,125],"tags":[],"class_list":["post-738393","post","type-post","status-publish","format-standard","hentry","category-blogs-colaboradores","category-colombia","category-pederastia"],"_links":{"self":[{"href":"https:\/\/www.redatea.net\/index.php\/wp-json\/wp\/v2\/posts\/738393","targetHints":{"allow":["GET"]}}],"collection":[{"href":"https:\/\/www.redatea.net\/index.php\/wp-json\/wp\/v2\/posts"}],"about":[{"href":"https:\/\/www.redatea.net\/index.php\/wp-json\/wp\/v2\/types\/post"}],"author":[{"embeddable":true,"href":"https:\/\/www.redatea.net\/index.php\/wp-json\/wp\/v2\/users\/170"}],"replies":[{"embeddable":true,"href":"https:\/\/www.redatea.net\/index.php\/wp-json\/wp\/v2\/comments?post=738393"}],"version-history":[{"count":2,"href":"https:\/\/www.redatea.net\/index.php\/wp-json\/wp\/v2\/posts\/738393\/revisions"}],"predecessor-version":[{"id":738542,"href":"https:\/\/www.redatea.net\/index.php\/wp-json\/wp\/v2\/posts\/738393\/revisions\/738542"}],"wp:attachment":[{"href":"https:\/\/www.redatea.net\/index.php\/wp-json\/wp\/v2\/media?parent=738393"}],"wp:term":[{"taxonomy":"category","embeddable":true,"href":"https:\/\/www.redatea.net\/index.php\/wp-json\/wp\/v2\/categories?post=738393"},{"taxonomy":"post_tag","embeddable":true,"href":"https:\/\/www.redatea.net\/index.php\/wp-json\/wp\/v2\/tags?post=738393"}],"curies":[{"name":"wp","href":"https:\/\/api.w.org\/{rel}","templated":true}]}}