{"id":738399,"date":"2020-03-16T13:54:00","date_gmt":"2020-03-16T12:54:00","guid":{"rendered":"http:\/\/www.redatea.net\/?guid=8eb4d6c7c9626368aa1b413c2c3bf31e"},"modified":"2020-03-16T13:54:00","modified_gmt":"2020-03-16T12:54:00","slug":"predicadores-y-coronavirus-2","status":"publish","type":"post","link":"http:\/\/blog-sin-dioses.blogspot.com\/2020\/03\/predicadores-y-coronavirus.html","title":{"rendered":"Predicadores y coronavirus"},"content":{"rendered":"<br \/>\n<div class=\"separator\" style=\"clear: both; text-align: center;\">\n<a href=\"https:\/\/blogger.googleusercontent.com\/img\/b\/R29vZ2xl\/AVvXsEg9BLlkKznxcMHq6u3H1IU1WkNGMGJyLl-YWPli520Y8r8Q_w9bJ21bVSPo3yeiEDzwKCNeesJKvydM_DJPIr9_B2ZdGWG8doQ2c3RNYKng4tQYctYKWsVOTauWMZHVHG-BlgtUj1KBK_A\/s1600\/cash.jpg\" imageanchor=\"1\" style=\"clear: left; float: left; margin-bottom: 1em; margin-right: 1em;\"><img border=\"0\" data-original-height=\"300\" data-original-width=\"400\" height=\"240\" src=\"https:\/\/blogger.googleusercontent.com\/img\/b\/R29vZ2xl\/AVvXsEg9BLlkKznxcMHq6u3H1IU1WkNGMGJyLl-YWPli520Y8r8Q_w9bJ21bVSPo3yeiEDzwKCNeesJKvydM_DJPIr9_B2ZdGWG8doQ2c3RNYKng4tQYctYKWsVOTauWMZHVHG-BlgtUj1KBK_A\/s320\/cash.jpg\" width=\"320\" \/><\/a><\/div>\n<div class=\"MsoNormal\" style=\"text-align: justify;\">\n<span style=\"font-family: Arial, sans-serif; font-size: 12pt;\">Con preocupaci\u00f3n y asombro\nvarios ciudadanos reportaron en la tarde del 15 de marzo que la Mega Iglesia Cristiana\nAvivamiento, de los pastores Ricardo y Patricia Rodr\u00edguez, mantuvieron congregaciones\nmayores de 500 personas, contrariando la norma sanitaria que expidi\u00f3 el\nPresidente Duque en d\u00edas pasados para contener la expansi\u00f3n del COVID-19.<\/span><\/div>\n<div class=\"MsoNormal\" style=\"text-align: justify;\">\n<span style=\"font-family: Arial, sans-serif; font-size: 12pt;\"><br \/><\/span><\/div>\n<div class=\"MsoNormal\" style=\"text-align: justify;\">\n<span lang=\"ES\" style=\"font-family: &quot;Arial&quot;,sans-serif; font-size: 12.0pt; line-height: 107%; mso-ansi-language: ES;\">Muchos familiares de\nciudadanos que all\u00ed se congregaron reportaron que los pastores les dijeron que\nlas noticias por la pandemia era una estrategia de Satan\u00e1s para que dejaran de\ncongregarse y que al igual que los hebreos durante las diez plagas de Egipto,\nnada les pasar\u00eda a los creyentes.<o:p><\/o:p><\/span><\/div>\n<div class=\"MsoNormal\" style=\"text-align: justify;\">\n<span lang=\"ES\" style=\"font-family: &quot;Arial&quot;,sans-serif; font-size: 12.0pt; line-height: 107%; mso-ansi-language: ES;\"><br \/><\/span><\/div>\n<div class=\"MsoNormal\" style=\"text-align: justify;\">\n<span lang=\"ES\" style=\"font-family: &quot;Arial&quot;,sans-serif; font-size: 12.0pt; line-height: 107%; mso-ansi-language: ES;\">En la p\u00e1gina web de\nAvivamiento se tiene publicado <a href=\"https:\/\/youtu.be\/7goHC-YzhXY\">un v\u00eddeo <\/a>donde se lee \u201cNo dejes de congregarte\u201d.\nEn el v\u00eddeo por ellos publicado se ve a la pastora Patricia Rodr\u00edguez decir: <i>\u201cDios\nest\u00e1 con nosotros y as\u00ed como hizo Dios con el pueblo de Israel en Egipto\u2026\nMientras que en Egipto estaban pasando todas las plagas, Gocen no fue tocada.\nNinguna de las plagas toc\u00f3 a Gocen. Entonces sepamos tambi\u00e9n que Dios est\u00e1 con\nnosotros, seamos diligentes en tomar las medidas de prevenci\u00f3n, y por favor no\ndejemos de congregarnos\u201d.<o:p><\/o:p><\/i><\/span><\/div>\n<div class=\"MsoNormal\" style=\"text-align: justify;\">\n<span lang=\"ES\" style=\"font-family: &quot;Arial&quot;,sans-serif; font-size: 12.0pt; line-height: 107%; mso-ansi-language: ES;\"><i><br \/><\/i><\/span><\/div>\n<div class=\"separator\" style=\"clear: both; text-align: center;\">\n<a href=\"https:\/\/blogger.googleusercontent.com\/img\/b\/R29vZ2xl\/AVvXsEhyE5M75cp3XrZIcz3RzBIpcbm6wNTsudOk_fg1DfMkX2Ti74OSHgA8AAxjCbdKIgMK-hDwJKdRr7L7NCjsDMMKcwNeje8KxQf_tCwOG6vE6-OrswNxPYAmkqUXUxX8KKlsIjA2KNEM5Zg\/s1600\/Pantallazo+Avivamiento.jpg\" imageanchor=\"1\" style=\"margin-left: 1em; margin-right: 1em;\"><img border=\"0\" data-original-height=\"714\" data-original-width=\"1184\" height=\"384\" src=\"https:\/\/blogger.googleusercontent.com\/img\/b\/R29vZ2xl\/AVvXsEhyE5M75cp3XrZIcz3RzBIpcbm6wNTsudOk_fg1DfMkX2Ti74OSHgA8AAxjCbdKIgMK-hDwJKdRr7L7NCjsDMMKcwNeje8KxQf_tCwOG6vE6-OrswNxPYAmkqUXUxX8KKlsIjA2KNEM5Zg\/s640\/Pantallazo+Avivamiento.jpg\" width=\"640\" \/><\/a><\/div>\n<div class=\"MsoNormal\" style=\"text-align: justify;\">\n<span lang=\"ES\" style=\"font-family: &quot;Arial&quot;,sans-serif; font-size: 12.0pt; line-height: 107%; mso-ansi-language: ES;\"><i><br \/><\/i><\/span><\/div>\n<div class=\"MsoNormal\" style=\"text-align: justify;\">\n<span lang=\"ES\" style=\"font-family: &quot;Arial&quot;,sans-serif; font-size: 12.0pt; line-height: 107%; mso-ansi-language: ES;\">Este mensaje es sumamente\nirresponsable porque como lo han se\u00f1alado cientos de epidemi\u00f3logos, el mantener\nla movilidad de personas hace m\u00e1s f\u00e1cil la transmisi\u00f3n y nos acerca a un escenario\nde elevados casos de golpe que colapsar\u00edan el sistema de salud. Por m\u00e1s que hallan\nseparado las sillas, el estar por un par de horas en un ambiente con aire\ncerrado y con multitudes, expone el riesgo enormemente.<o:p><\/o:p><\/span><\/div>\n<div class=\"MsoNormal\" style=\"text-align: justify;\">\n<span lang=\"ES\" style=\"font-family: &quot;Arial&quot;,sans-serif; font-size: 12.0pt; line-height: 107%; mso-ansi-language: ES;\"><br \/><\/span><\/div>\n<div class=\"MsoNormal\" style=\"text-align: justify;\">\n<span lang=\"ES\" style=\"font-family: &quot;Arial&quot;,sans-serif; font-size: 12.0pt; line-height: 107%; mso-ansi-language: ES;\">Igual de irresponsable es\nel mensaje del se\u00f1or <a href=\"https:\/\/www.pulzo.com\/nacion\/pastor-pide-que-iglesias-sigan-abiertas-para-combatir-coronavirus-PP862108\">Gustavo P\u00e1ez, autodenominado \u201cap\u00f3stol\u201d y cabeza de laiglesia cristiana Centro de Alabanza Oasis en Bogot\u00e1.<\/a> Seg\u00fan este l\u00edder religioso\n<i>\u201cEste virus cometi\u00f3 un error y fue tocar la iglesia. Por eso, est\u00e1\nsentenciado a extinguirse antes de 30 d\u00edas. \u00a1Se va y no tocar\u00e1 a ning\u00fan hijo de\nDios! Todas las Iglesias debemos estar abiertas, pues es la esperanza de la\nsociedad\u201d. <\/i>Como se lee en su cuenta de Twitter en texto del pasado 13 de\nmarzo.<o:p><\/o:p><\/span><\/div>\n<div class=\"MsoNormal\" style=\"text-align: justify;\">\n<span lang=\"ES\" style=\"font-family: &quot;Arial&quot;,sans-serif; font-size: 12.0pt; line-height: 107%; mso-ansi-language: ES;\"><br \/><\/span><\/div>\n<div class=\"MsoNormal\" style=\"text-align: justify;\">\n<span lang=\"ES\" style=\"font-family: &quot;Arial&quot;,sans-serif; font-size: 12.0pt; line-height: 107%; mso-ansi-language: ES;\">Los virus no comenten\nerrores ni son entes con prop\u00f3sito. Son simples materiales gen\u00e9ticos con una\nenvoltura que infectan c\u00e9lulas hacke\u00e1ndolas de manera que estas terminan\nconstruyendo m\u00e1s virus. En el proceso de copiado aparecen mutaciones y si estas\nfavorecen la propagaci\u00f3n de este permanecer\u00e1n y se multiplicar\u00e1n. Evoluci\u00f3n\nbiol\u00f3gica, esa que niegan en sus pr\u00e9dicas. Aqu\u00ed el \u00fanico que comete un error es\nel pastor Gustavo P\u00e1ez por no acatar las normas de cierre de lugares de reuniones\nmasivas. <o:p><\/o:p><\/span><\/div>\n<div class=\"MsoNormal\" style=\"text-align: justify;\">\n<span lang=\"ES\" style=\"font-family: &quot;Arial&quot;,sans-serif; font-size: 12.0pt; line-height: 107%; mso-ansi-language: ES;\"><br \/><\/span><\/div>\n<div class=\"MsoNormal\" style=\"text-align: justify;\">\n<span lang=\"ES\" style=\"font-family: &quot;Arial&quot;,sans-serif; font-size: 12.0pt; line-height: 107%; mso-ansi-language: ES;\">La historia est\u00e1 llena de casos\naleccionadores. Recientemente <a href=\"https:\/\/www.infobae.com\/america\/agencias\/2020\/03\/16\/nuevo-brote-de-coronavirus-en-corea-del-sur-vinculado-a-una-iglesia\/\">La iglesia de Grace River<\/a> de Seongnam, a unos 20\nkm al sur de Se\u00fal, debi\u00f3 cerrar despu\u00e9s de que un tercio de sus 135 fieles\ndieran positivo al COVID-19, incluido el pastor y su esposa. Otra denominaci\u00f3n,\n<a href=\"https:\/\/www.bbc.com\/mundo\/noticias-internacional-51621151\">la Iglesia de Jes\u00fas Shincheonji, Templo del Tabern\u00e1culo del Testimonio,<\/a> en la\ncapital sur coreana, fue el principal epicentro de propagaci\u00f3n del COVID-19 a\ninicios de este mes. Las estimaciones de aquel momento se\u00f1alaron que el 60% de\nlos 4.000 casos de coronavirus en Corea del Sur eran miembros de esa iglesia y\nse hab\u00edan congregado all\u00ed.<o:p><\/o:p><\/span><\/div>\n<div class=\"MsoNormal\" style=\"text-align: justify;\">\n<span lang=\"ES\" style=\"font-family: &quot;Arial&quot;,sans-serif; font-size: 12.0pt; line-height: 107%; mso-ansi-language: ES;\"><br \/><\/span><\/div>\n<div class=\"MsoNormal\" style=\"text-align: justify;\">\n<span lang=\"ES\" style=\"font-family: &quot;Arial&quot;,sans-serif; font-size: 12.0pt; line-height: 107%; mso-ansi-language: ES;\">En septiembre de 1918 lleg\u00f3\nla gripe espa\u00f1ola a la ciudad de Zamora. En ese momento se adopt\u00f3 la cuarentena\npor parte del inspector de sanidad. No obstante, <a href=\"https:\/\/elpais.com\/elpais\/2019\/11\/18\/eps\/1574101346_748744.html\">el obispo de Zamora, el se\u00f1or Antonio \u00c1lvaro Y Ballano<\/a> decidi\u00f3 desafiar las medidas sanitarias y convocar a\nmisas. El ensotanado predicaba que la gripe mortal era resultado de los \u201cpecados\ny la ingratitud\u201d de los cat\u00f3licos espa\u00f1oles. Fue as\u00ed como el 30 de septiembre,\nel obispo organiz\u00f3 una novena en honor de san Roque, santo protector contra las\nepidemias. El resultado de la multitudinaria misa fue un pico en los infectados\nllegando a registrarse una mortalidad de hasta 200 personas al d\u00eda, como\nsucedi\u00f3 el 12 de octubre de 1918.<o:p><\/o:p><\/span><\/div>\n<div class=\"MsoNormal\" style=\"text-align: justify;\">\n<span lang=\"ES\" style=\"font-family: &quot;Arial&quot;,sans-serif; font-size: 12.0pt; line-height: 107%; mso-ansi-language: ES;\"><br \/><\/span><\/div>\n<div class=\"MsoNormal\" style=\"text-align: justify;\">\n<span lang=\"ES\" style=\"font-family: &quot;Arial&quot;,sans-serif; font-size: 12.0pt; line-height: 107%; mso-ansi-language: ES;\">Cuando lleg\u00f3 la peste\nnegra a la ciudad italiana de Messina en 1348 hicieron una peregrinaci\u00f3n con la\nimagen de la Virgen Mar\u00eda. El acto piadoso solo sirvi\u00f3 para propagar m\u00e1s las\npulgas que portaban la bacteria de la peste bub\u00f3nica. <o:p><\/o:p><\/span><\/div>\n<div class=\"MsoNormal\" style=\"text-align: justify;\">\n<span lang=\"ES\" style=\"font-family: &quot;Arial&quot;,sans-serif; font-size: 12.0pt; line-height: 107%; mso-ansi-language: ES;\"><br \/><\/span><\/div>\n<div class=\"MsoNormal\" style=\"text-align: justify;\">\n<span lang=\"ES\" style=\"font-family: &quot;Arial&quot;,sans-serif; font-size: 12.0pt; line-height: 107%; mso-ansi-language: ES;\">Por esto es sumamente\npreocupante el anuncio del alcalde de Popay\u00e1n, <a href=\"https:\/\/noticias.caracoltv.com\/coronavirus-covid-19\/ni-las-pestes-han-evitado-que-la-procesion-salga-alcalde-de-popayan-sobre-eventos-de-semana-santa-ie36451\">Juan Carlos L\u00f3pez quien haanunciado que no suspender\u00e1 las procesiones de Semana Santa.<\/a> <span style=\"mso-spacerun: yes;\">&nbsp;<\/span>\u201cDe forma ininterrumpida hemos tenido\nprocesiones. Ni guerras, ni pestes, ni terremotos han evitado que la procesi\u00f3n\nsalga\u201d, dijo el mandatario el pasado 11 de marzo. <o:p><\/o:p><\/span><\/div>\n<div class=\"MsoNormal\" style=\"text-align: justify;\">\n<span lang=\"ES\" style=\"font-family: &quot;Arial&quot;,sans-serif; font-size: 12.0pt; line-height: 107%; mso-ansi-language: ES;\"><br \/><\/span><\/div>\n<div class=\"MsoNormal\" style=\"text-align: justify;\">\n<span lang=\"ES\" style=\"font-family: &quot;Arial&quot;,sans-serif; font-size: 12.0pt; line-height: 107%; mso-ansi-language: ES;\">A las autoridades locales\ny nacionales se les recuerda que la <a href=\"http:\/\/www.secretariasenado.gov.co\/senado\/basedoc\/ley_0599_2000.html\">Ley 599 de 220 establece en el art\u00edculo 368<\/a>&nbsp;que <i>\u201cEl que viole medida sanitaria adoptada por la autoridad competente para\nimpedir la introducci\u00f3n o propagaci\u00f3n de una epidemia, incurrir\u00e1 en prisi\u00f3n de\ncuatro (4) a ocho (8) a\u00f1os\u201d.<\/i> <o:p><\/o:p><\/span><\/div>\n<div class=\"MsoNormal\" style=\"text-align: justify;\">\n<span lang=\"ES\" style=\"font-family: &quot;Arial&quot;,sans-serif; font-size: 12.0pt; line-height: 107%; mso-ansi-language: ES;\"><i><br \/><\/i><\/span><\/div>\n<div class=\"MsoNormal\" style=\"text-align: justify;\">\n<span lang=\"ES\" style=\"font-family: &quot;Arial&quot;,sans-serif; font-size: 12.0pt; line-height: 107%; mso-ansi-language: ES;\">Esperamos que el Gobierno\nDuque y el Distrital tomen las medidas pertinentes contra quienes ponen en\nriesgo la salud p\u00fablica en esta contingencia epidemiol\u00f3gica. <o:p><\/o:p><\/span><\/div>\n<div class=\"MsoNormal\" style=\"text-align: justify;\">\n<span lang=\"ES\" style=\"font-family: &quot;Arial&quot;,sans-serif; font-size: 12.0pt; line-height: 107%; mso-ansi-language: ES;\"><br \/><\/span><\/div>\n<div class=\"MsoNormal\" style=\"text-align: justify;\">\n<span lang=\"ES\" style=\"font-family: &quot;Arial&quot;,sans-serif; font-size: 12.0pt; line-height: 107%; mso-ansi-language: ES;\">Ahora, pasando de la\nindignaci\u00f3n por el saboteo a las medidas sanitarias a un plano filos\u00f3fico, hay\nque se\u00f1alar el rotundo fracaso de las religiones frente a un desastre natural\ncomo lo es una pandemia.<o:p><\/o:p><\/span><\/div>\n<div class=\"MsoNormal\" style=\"text-align: justify;\">\n<span lang=\"ES\" style=\"font-family: &quot;Arial&quot;,sans-serif; font-size: 12.0pt; line-height: 107%; mso-ansi-language: ES;\"><br \/><\/span><\/div>\n<div class=\"MsoNormal\" style=\"text-align: justify;\">\n<span style=\"font-family: &quot;Arial&quot;,sans-serif; font-size: 12.0pt; line-height: 107%; mso-ansi-language: ES-CO;\">Seg\u00fan las escrituras cristianas, en\nel Evangelio de Marcos dice Jes\u00fas a sus ap\u00f3stoles que ellos <i>\u201ct<span style=\"background: #FDFEFF; color: #001320;\">omar\u00e1n serpientes en las manos, y\naunque beban algo mort\u00edfero, no les har\u00e1 da\u00f1o; sobre los enfermos pondr\u00e1n las\nmanos, y se pondr\u00e1n bien\u201d<\/span><\/i><span style=\"background: #FDFEFF; color: #001320;\">.<\/span>\nEn otras palabras, los convierten en milagreros y sanadores. Justo este pasaje\nde Marcos 16:18 lo esgrimen curadores como el evangelista guatemalteco Cash\nLuna para hacer sus espect\u00e1culos de \u201cmilagros\u201d.<o:p><\/o:p><\/span><\/div>\n<div class=\"MsoNormal\" style=\"text-align: justify;\">\n<span style=\"font-family: &quot;Arial&quot;,sans-serif; font-size: 12.0pt; line-height: 107%; mso-ansi-language: ES-CO;\"><br \/><\/span><\/div>\n<div class=\"MsoNormal\" style=\"text-align: justify;\">\n<span style=\"background: #FDFEFF; color: #001320; font-family: &quot;Arial&quot;,sans-serif; font-size: 12.0pt; line-height: 107%; mso-ansi-language: ES-CO;\">Pero,\n\u00bfD\u00f3nde est\u00e1 Cash Luna en este momento? \u00bfViaj\u00f3 a Italia o a China a sanar a los\nenfermos por coronavirus? \u00bfPor qu\u00e9 no est\u00e1n los pastores brasile\u00f1os de la\nIglesia Universal relevando a m\u00e9dicos y enfermeros, sanando con su \u201caceite\nungido de Israel\u201d la \u201crosa de Sar\u00f3n\u201d las \u201cpiedras del \u201cMonte Golgota\u201d y otras\nsupercherias que dan en sus cultos a cambio de fe, confianza y diezmos?<o:p><\/o:p><\/span><\/div>\n<div class=\"MsoNormal\" style=\"text-align: justify;\">\n<span style=\"background: #FDFEFF; color: #001320; font-family: &quot;Arial&quot;,sans-serif; font-size: 12.0pt; line-height: 107%; mso-ansi-language: ES-CO;\"><br \/><\/span><\/div>\n<table cellpadding=\"0\" cellspacing=\"0\" class=\"tr-caption-container\" style=\"float: right; margin-left: 1em; text-align: right;\"><tbody>\n<tr><td style=\"text-align: center;\"><a href=\"https:\/\/blogger.googleusercontent.com\/img\/b\/R29vZ2xl\/AVvXsEgPPfC-3aLy5Hkxl_-QVpTaBq7jVxSOSknkpK9qZmhOHiniSTkJ5enujfAGI4FeX6blOwlOESBKB_v_Sdxu81Y0cFFqzcI2sBbrMerkEH4g2gGpUyGxrsl4lee-a_-exAUEvJjt_5DsSJs\/s1600\/fuego+del+cielo.jpg\" imageanchor=\"1\" style=\"clear: right; margin-bottom: 1em; margin-left: auto; margin-right: auto;\"><img border=\"0\" data-original-height=\"720\" data-original-width=\"1200\" height=\"240\" src=\"https:\/\/blogger.googleusercontent.com\/img\/b\/R29vZ2xl\/AVvXsEgPPfC-3aLy5Hkxl_-QVpTaBq7jVxSOSknkpK9qZmhOHiniSTkJ5enujfAGI4FeX6blOwlOESBKB_v_Sdxu81Y0cFFqzcI2sBbrMerkEH4g2gGpUyGxrsl4lee-a_-exAUEvJjt_5DsSJs\/s400\/fuego+del+cielo.jpg\" width=\"400\" \/><\/a><\/td><\/tr>\n<tr><td class=\"tr-caption\" style=\"text-align: center;\"><span style=\"background-color: #fdfeff; color: #001320; font-family: Arial, sans-serif; text-align: justify;\"><span style=\"font-size: x-small;\">\"Los pastores evang\u00e9licos tienen ahora una excelente<br \/>&nbsp;oportunidad para probar, al mejor estilo de Marcos 16:18,<br \/>&nbsp;que su dios es el verdadero, emulando al profeta El\u00edas\"<\/span><\/span><span style=\"background-color: #fdfeff; color: #001320; font-family: Arial, sans-serif; font-size: 16px; text-align: justify;\">&nbsp;<\/span><\/td><\/tr>\n<\/tbody><\/table>\n<div class=\"MsoNormal\" style=\"text-align: justify;\">\n<span style=\"background-color: #fdfeff; color: #001320; font-family: Arial, sans-serif; font-size: 12pt;\">\u00bfD\u00f3nde\nlas oraciones a Jehov\u00e1 por los que dicen ser sus testigos para que su dios\nmuestre su poder como el \u201cDios verdadero\u201d al mejor estilo del profeta El\u00edas que\nhizo descender fuego delante de los falsos profetas de Baal en el Monte\nCarmelo?<\/span><\/div>\n<div class=\"MsoNormal\" style=\"text-align: justify;\">\n<span style=\"background: #FDFEFF; color: #001320; font-family: &quot;Arial&quot;,sans-serif; font-size: 12.0pt; line-height: 107%; mso-ansi-language: ES-CO;\"><br \/><\/span><\/div>\n<div class=\"MsoNormal\" style=\"text-align: justify;\">\n<span style=\"background: #FDFEFF; color: #001320; font-family: &quot;Arial&quot;,sans-serif; font-size: 12.0pt; line-height: 107%; mso-ansi-language: ES-CO;\">\u00bfCu\u00e1ndo\nen esta crisis hubo una novena exitosa a San Roque desde el Vaticano? En lugar\nde liderar oraciones milagrosas, el supuesto Vicario de Cristo est\u00e1 bien guardado.\nLa Plaza de San Pedro de la Iglesia Cat\u00f3lica luce vac\u00eda, el Santuario de Lourdes,\ncon sus aguas milagrosas tambi\u00e9n est\u00e1 desierto. Las pilas de agua bendita en\nEuropa tienen advertencia de no ser usadas para no propagar el virus, el\nSantuario del Se\u00f1or de los Milagros de Buga ha cerrado. El megatemplo evang\u00e9lico\nde Joel Osteen en Houston ya no tendr\u00e1 cultos de milagros, p\u00faes ha cerrado. Las\nlecciones de los templos evang\u00e9licos de Corea del Sur est\u00e1n frescas a\u00fan.<o:p><\/o:p><\/span><\/div>\n<div class=\"MsoNormal\" style=\"text-align: justify;\">\n<span style=\"background: #FDFEFF; color: #001320; font-family: &quot;Arial&quot;,sans-serif; font-size: 12.0pt; line-height: 107%; mso-ansi-language: ES-CO;\"><br \/><\/span><\/div>\n<div class=\"MsoNormal\" style=\"text-align: justify;\">\n<span style=\"background: #FDFEFF; color: #001320; font-family: &quot;Arial&quot;,sans-serif; font-size: 12.0pt; line-height: 107%; mso-ansi-language: ES-CO;\">Los\npastores evang\u00e9licos tienen ahora una excelente oportunidad para probar que son\nciertos sus poderes de sanaci\u00f3n, al mejor estilo de Marcos 16:18, que su dios\nes el verdadero, emulando al profeta El\u00edas, y que pasen a curar a todos esos\nenfermos donde el virus tiene muertos a diario. <o:p><\/o:p><\/span><\/div>\n<div class=\"MsoNormal\" style=\"text-align: justify;\">\n<span style=\"background: #FDFEFF; color: #001320; font-family: &quot;Arial&quot;,sans-serif; font-size: 12.0pt; line-height: 107%; mso-ansi-language: ES-CO;\"><br \/><\/span><\/div>\n<div class=\"MsoNormal\" style=\"text-align: justify;\">\n<span style=\"background: #FDFEFF; color: #001320; font-family: &quot;Arial&quot;,sans-serif; font-size: 12.0pt; line-height: 107%; mso-ansi-language: ES-CO;\">Sin\nembargo, me temo que esto no ocurrir\u00e1. Esta oportunidad para callar a los ateos\ny agn\u00f3sticos no la aprovecharan, y pasados unos meses su negocio de diezmos\ncontinuar\u00e1, y los creyentes probablemente ir\u00e1n a agradecer en los templos por\nlos \u00e9xitos que alcance la ciencia. <o:p><\/o:p><\/span><\/div>\n<div class=\"MsoNormal\" style=\"text-align: justify;\">\n<span style=\"background: #FDFEFF; color: #001320; font-family: &quot;Arial&quot;,sans-serif; font-size: 12.0pt; line-height: 107%; mso-ansi-language: ES-CO;\"><br \/><\/span><\/div>\n<div class=\"MsoNormal\" style=\"text-align: justify;\">\n<span style=\"background: #FDFEFF; color: #001320; font-family: &quot;Arial&quot;,sans-serif; font-size: 12.0pt; line-height: 107%; mso-ansi-language: ES-CO;\">Por\nel momento, mejor que todos, creyentes o no, nos desplacemos lo menos posible en\nlas ciudades. Bien aconseja el bi\u00f3logo Jos\u00e9 Miguel Munet, \u201cSe puede ser\nreligioso, pero cuando hay una epidemia, mejor en casa\u201d.<o:p><\/o:p><\/span><\/div>\n<div style=\"text-align: justify;\">\n<br \/><\/div>\n","protected":false},"excerpt":{"rendered":"<p>Con preocupaci\u00f3n y asombro<br \/>\nvarios ciudadanos reportaron en la tarde del 15 de marzo que la Mega Iglesia Cristiana<br \/>\nAvivamiento, de los pastores Ricardo y Patricia Rodr\u00edguez, mantuvieron congregaciones<br \/>\nmayores de 500 personas, contrariando la norma s&#8230;<\/p>\n","protected":false},"author":170,"featured_media":0,"comment_status":"closed","ping_status":"open","sticky":false,"template":"","format":"standard","meta":{"footnotes":""},"categories":[4,862,1131,83,811,1834,863],"tags":[],"class_list":["post-738399","post","type-post","status-publish","format-standard","hentry","category-blogs-colaboradores","category-iglesia-centro-mundial-de-avivamiento","category-libro-de-marcos","category-milagros","category-pastor-cash-luna","category-pastor-joel-osteen","category-pastor-ricardo-rodriguez"],"_links":{"self":[{"href":"https:\/\/www.redatea.net\/index.php\/wp-json\/wp\/v2\/posts\/738399","targetHints":{"allow":["GET"]}}],"collection":[{"href":"https:\/\/www.redatea.net\/index.php\/wp-json\/wp\/v2\/posts"}],"about":[{"href":"https:\/\/www.redatea.net\/index.php\/wp-json\/wp\/v2\/types\/post"}],"author":[{"embeddable":true,"href":"https:\/\/www.redatea.net\/index.php\/wp-json\/wp\/v2\/users\/170"}],"replies":[{"embeddable":true,"href":"https:\/\/www.redatea.net\/index.php\/wp-json\/wp\/v2\/comments?post=738399"}],"version-history":[{"count":2,"href":"https:\/\/www.redatea.net\/index.php\/wp-json\/wp\/v2\/posts\/738399\/revisions"}],"predecessor-version":[{"id":738545,"href":"https:\/\/www.redatea.net\/index.php\/wp-json\/wp\/v2\/posts\/738399\/revisions\/738545"}],"wp:attachment":[{"href":"https:\/\/www.redatea.net\/index.php\/wp-json\/wp\/v2\/media?parent=738399"}],"wp:term":[{"taxonomy":"category","embeddable":true,"href":"https:\/\/www.redatea.net\/index.php\/wp-json\/wp\/v2\/categories?post=738399"},{"taxonomy":"post_tag","embeddable":true,"href":"https:\/\/www.redatea.net\/index.php\/wp-json\/wp\/v2\/tags?post=738399"}],"curies":[{"name":"wp","href":"https:\/\/api.w.org\/{rel}","templated":true}]}}