{"id":738411,"date":"2019-12-04T21:35:00","date_gmt":"2019-12-04T20:35:00","guid":{"rendered":"http:\/\/www.redatea.net\/?guid=53360cc0acbc1a40f23294848e2c37b1"},"modified":"2019-12-04T21:35:00","modified_gmt":"2019-12-04T20:35:00","slug":"aumenta-probabilidad-de-escision-en-la-iglesia-adventista-por-causa-de-la-ordenacion-de-mujeres-2","status":"publish","type":"post","link":"http:\/\/blog-sin-dioses.blogspot.com\/2019\/12\/probable-escision-en-la-iglesia-adventista.html","title":{"rendered":"Aumenta probabilidad de escisi\u00f3n en la Iglesia Adventista por causa de la ordenaci\u00f3n de mujeres"},"content":{"rendered":"<div class=\"separator\" style=\"clear: both; text-align: center;\">\n<a href=\"https:\/\/blogger.googleusercontent.com\/img\/b\/R29vZ2xl\/AVvXsEhrjySdhZ606bOGVjEXg8MsSNUA82C0IeJ_sRQ0ChObyTs1Jh3TjZ9MT5bzPAsTFTmftgI71p6_lS8fojTzpOgvf9YfVToegai4CiC77Uqm1r-fDPr1k-zDfNDWq2qKBaXL5JYOy-8CJMg\/s1600\/Ordenaci%25C3%25B3n+de+mujeres+en+la+Iglesia+Adventista.jpg\" imageanchor=\"1\" style=\"clear: left; float: left; margin-bottom: 1em; margin-right: 1em;\"><img border=\"0\" data-original-height=\"356\" data-original-width=\"703\" height=\"201\" src=\"https:\/\/blogger.googleusercontent.com\/img\/b\/R29vZ2xl\/AVvXsEhrjySdhZ606bOGVjEXg8MsSNUA82C0IeJ_sRQ0ChObyTs1Jh3TjZ9MT5bzPAsTFTmftgI71p6_lS8fojTzpOgvf9YfVToegai4CiC77Uqm1r-fDPr1k-zDfNDWq2qKBaXL5JYOy-8CJMg\/s400\/Ordenaci%25C3%25B3n+de+mujeres+en+la+Iglesia+Adventista.jpg\" width=\"400\" \/><\/a><\/div>\nEn la Conferencia General de la <a href=\"https:\/\/www.interamerica.org\/es\/2015\/07\/delegados-votan-no-sobre-la-ordenacion-de-las-mujeres\/\">Iglesia Adventista del 2015 en San Antonio, Texas, esta denominaci\u00f3n, de origen estadounidense, decidi\u00f3 votar en contra<\/a> de que las divisiones territoriales de esta iglesia pudieran ordenar mujeres como pastoras.<br \/>\n<br \/>\nAl parecer, pensaban, que con esta decisi\u00f3n, del m\u00e1s alto nivel jer\u00e1rquico, se pondr\u00eda fin a una discusi\u00f3n, que por lo evidenciado en redes sociales y el elevado n\u00famero de v\u00eddeos de sermones dedicados al asunto, ha sido fuerte, e incluso agria.<br \/>\n<br \/>\nSin embargo, muchas iglesias de Europa y los <a href=\"https:\/\/spectrummagazine.org\/news\/2018\/pacific-union-reaffirms-commitment-ordain-women-and-men-equally\">Estados Unidos decidieron seguir ordenando mujeres, a pesar de la prohibici\u00f3n. <\/a>Adventistas con puntos de vistas discordantes est\u00e1n en varios niveles de la jerarqu\u00eda administrativa, al punto que seis Uniones (organizaciones territoriales de la iglesia, por encima del nivel de asociaci\u00f3n, y por debajo del de Divisi\u00f3n) tienen una interpretaci\u00f3n inclusiva respecto a la ordenaci\u00f3n religiosa.<br \/>\n<br \/>\nNo es de extra\u00f1ar que las uniones acordes con la ordenaci\u00f3n de mujeres pertenecen a regiones donde la igualdad entre hombres y mujeres est\u00e1 socialmente aceptada como California, la Costa Este en general, <a href=\"https:\/\/www2.abogacia.es\/actualidad\/noticias\/informe-2019-sobre-igualdad-entre-mujeres-y-hombres-en-la-ue\/\">los pa\u00edses escandinavos y Alemania.<\/a><br \/>\n<br \/>\nAnte el conato de rebeld\u00eda, el Concilio de esta religi\u00f3n, adopt\u00f3 en 2018 un sistema para disciplinar a estas regiones con una amonestaci\u00f3n (primer paso) y luego a sus dirigentes (segundo paso) en una reprimenda p\u00fablica. Esto porque hasta la fecha, en casi dos siglos de existencia, no hab\u00edan lidiado con una situaci\u00f3n similar.<br \/>\n<br \/>\nEn vista que la ordenaci\u00f3n de las mujeres prosigui\u00f3, el pasado mes de octubre, se decidi\u00f3 reunirse el Concilio anual para disciplinar a los grupos liberales. Como resultado de las deliberaciones se procedi\u00f3 a aplicar el primer nivel de disciplina a las iglesias adventistas de Suecia, Noruega, Dinamarca, norte de Alemania, del pac\u00edfico en Estados Unidos (California, Oregon, Nevada y Hawai) y en el Este (Pensilvana, Virginia, Washington DC, Delaware, New Jersey y Ohio).<br \/>\n<br \/>\n<table cellpadding=\"0\" cellspacing=\"0\" class=\"tr-caption-container\" style=\"float: right; margin-left: 1em; text-align: right;\"><tbody>\n<tr><td style=\"text-align: center;\"><a href=\"https:\/\/blogger.googleusercontent.com\/img\/b\/R29vZ2xl\/AVvXsEgwS4HVnO62XkhINfafH1q4JNCRHSKwaHCirH3mVvujU9SeHDhejFZrMyndJtvnQtR3FzCjNcz1iqd5BW4OThVAdOhMKE4f2Q1UR_VhVUzs7KyO2FCl5X8rWoj8XO-mXq4PfzQdpyjVhhU\/s1600\/L%25C3%25ADderes+adventistas+a+favor+de+la+Ordenaci%25C3%25B3n+de+la+mujer.jpg\" imageanchor=\"1\" style=\"clear: right; margin-bottom: 1em; margin-left: auto; margin-right: auto;\"><img border=\"0\" data-original-height=\"647\" data-original-width=\"1239\" height=\"334\" src=\"https:\/\/blogger.googleusercontent.com\/img\/b\/R29vZ2xl\/AVvXsEgwS4HVnO62XkhINfafH1q4JNCRHSKwaHCirH3mVvujU9SeHDhejFZrMyndJtvnQtR3FzCjNcz1iqd5BW4OThVAdOhMKE4f2Q1UR_VhVUzs7KyO2FCl5X8rWoj8XO-mXq4PfzQdpyjVhhU\/s640\/L%25C3%25ADderes+adventistas+a+favor+de+la+Ordenaci%25C3%25B3n+de+la+mujer.jpg\" width=\"640\" \/><\/a><\/td><\/tr>\n<tr><td class=\"tr-caption\" style=\"text-align: center;\">L\u00edderes locales de Iglesias adventistas que siguen ordenando mujeres pastoras.<br \/>\nNAD = North American Division, TED = Trans European Division<\/td><\/tr>\n<\/tbody><\/table>\n<br \/>\nPrevio a la votaci\u00f3n, Ricardo Graham de la Uni\u00f3n del Pacifico declar\u00f3 que en caso de que se aprobara la aplicaci\u00f3n de medidas disciplinarias para \u00e9l estas ser\u00edan \"<i>una medalla de honor, manteni\u00e9ndose firme por la igualdad [de hombres y mujeres]\"<\/i>. La votaci\u00f3n dio como resultado 190 a favor de la amonestaci\u00f3n, en contra de 94.<br \/>\n<br \/>\nSin embargo, al ponerse en consideraci\u00f3n esta decisi\u00f3n en los territorios amonestados, no optaron por dar marcha atr\u00e1s. Por ejemplo, el <a href=\"http:\/\/www.fulcrum7.com\/news\/2019\/12\/1\/columbia-union-executive-committee-votes-statement-on-annual-council-warning\">Comit\u00e9 Ejecutivo de la Uni\u00f3n del Pac\u00edfico declar\u00f3 que aceptan:<\/a><br \/>\n<blockquote class=\"tr_bq\">\n<i>\"La creencia en la profec\u00eda del profeta Joel y en la proclamaci\u00f3n del ap\u00f3stol Pablo de que en los \u00faltimos d\u00edas, hombres y mujeres, llenos del Esp\u00edritu Santo, profetizar\u00e1n en el nombre de Cristo;<\/i>&nbsp;<\/blockquote>\n<blockquote class=\"tr_bq\">\n<i>Las pastoras que, a pesar de todo, han aceptado el llamado de Dios y que, por pol\u00edtica, sirven a la Iglesia Adventista del S\u00e9ptimo D\u00eda como pastoras, ancianas y l\u00edderes;\"<\/i><\/blockquote>\nY por \u00faltimo agradecen <i>\"El liderazgo valiente y encomiable del equipo de liderazgo de la Conferencia de la Uni\u00f3n de Columbia\".<\/i><br \/>\n<i><br \/><\/i>\nPor su parte l<a href=\"http:\/\/www.fulcrum7.com\/news\/2019\/10\/19\/the-north-german-union-responds-to-their-warning\">os adventistas alemanes respondieron en un comunicado que<\/a> examinar\u00e1n si se puede presentar una objeci\u00f3n contra la Advertencia de la Iglesia Mundial, de acuerdo con el Documento de Cumplimiento de 2018 y al final declaran que <i>\"Las diferencias en nuestra Iglesia no son divisivas (seg\u00fan el FB # 14 de la Iglesia Adventista del S\u00e9ptimo D\u00eda). Es por eso que promovemos la igualdad de los pastores dentro de nuestra iglesia mundial.\"<\/i><br \/>\n<i><br \/><\/i>\nDurante el debate previo a 2015 los sectores conservadores empezaron argumentando que abrirle la puerta a la ordenaci\u00f3n de las mujeres <a href=\"https:\/\/blog-sin-dioses.blogspot.com\/2014\/06\/presbiterianos-aceptan-el-matrimonio.html\">terminar\u00eda en la ordenaci\u00f3n de homosexuales<\/a> y la aceptaci\u00f3n del matrimonio igualitario. Pero con el tiempo los sermones empezaron a calificar a los sectores liberales de \"rebeldes\", \"disidentes\" y compararlos con los personajes b\u00edblicos de Cor\u00e9, Dat\u00e1n y Abir\u00e1m, que seg\u00fan N\u00fameros 16 se levantaron contra Mois\u00e9s, y terminaron muertos.<br \/>\n<br \/>\n<div class=\"separator\" style=\"clear: both; text-align: center;\">\n<\/div>\n<table cellpadding=\"0\" cellspacing=\"0\" class=\"tr-caption-container\" style=\"float: right; margin-left: 1em; text-align: right;\"><tbody>\n<tr><td style=\"text-align: center;\"><a href=\"https:\/\/blogger.googleusercontent.com\/img\/b\/R29vZ2xl\/AVvXsEiZT9boY27NoSXrSpZ5gyIgs7kiCVuxASjSty1CBZGvB7lzC2EfVGf68JCFZmFEWqPnuzMZaYr72QyulFEzL1ezUJu54RKylRvfDS2tYOByXmycmeGok1slATNJ8QgUjMeyXRExyAGL3JM\/s1600\/Daniel+R.+Jackson%252C+presidente+de+la+Divisi%25C3%25B3n+Norteamericana.jpg\" imageanchor=\"1\" style=\"clear: right; margin-bottom: 1em; margin-left: auto; margin-right: auto;\"><img border=\"0\" data-original-height=\"433\" data-original-width=\"679\" height=\"255\" src=\"https:\/\/blogger.googleusercontent.com\/img\/b\/R29vZ2xl\/AVvXsEiZT9boY27NoSXrSpZ5gyIgs7kiCVuxASjSty1CBZGvB7lzC2EfVGf68JCFZmFEWqPnuzMZaYr72QyulFEzL1ezUJu54RKylRvfDS2tYOByXmycmeGok1slATNJ8QgUjMeyXRExyAGL3JM\/s400\/Daniel+R.+Jackson%252C+presidente+de+la+Divisi%25C3%25B3n+Norteamericana.jpg\" width=\"400\" \/><\/a><\/td><\/tr>\n<tr><td class=\"tr-caption\" style=\"text-align: center;\"><span style=\"background-color: white; color: rgba(32 , 32 , 32 , 0.8); font-family: &quot;gotham ssm a&quot; , &quot;gotham ssm b&quot; , &quot;helvetica&quot; , &quot;arial&quot; , sans-serif; font-size: 11px; letter-spacing: -0.4px;\">Daniel R. Jackson, presidente de la Divisi\u00f3n Norteamericana, favorable<br \/>a la ordenaci\u00f3n de mujeres en el adventismo.<\/span><\/td><\/tr>\n<\/tbody><\/table>\nPor otra parte, los sectores liberales se enfocaban en la igualdad de hombres y mujeres y tambi\u00e9n presentaron textos b\u00edblicos para sustentar su punto de vista.<br \/>\n<br \/>\n\u00bfQu\u00e9 vendr\u00e1 ahora? Despu\u00e9s de tantos sermones tan reaccionarios por parte de los conservadores, y la firmeza de los liberales en seguir ordenando mujeres, el panorama pareciera indicar un cisma o escisi\u00f3n en ciernes.<br \/>\n<br \/>\nEsto porque ya son muchas las heridas abiertas y los contrarios han elevado la prohibici\u00f3n de la ordenaci\u00f3n de mujeres a un nivel doctrinal, que hace que los creyentes conservadores ya convencidos no puedan reconsiderar.&nbsp; Por otra parte, los contextos culturales de la Costa Oeste o de Dinamarca o Suecia, hacen imposible pensar que en en estos lugares, donde la igualdad entre hombres y mujeres est\u00e1 tan avanzada (por ejemplo las <a href=\"https:\/\/evangelizadorasdelosapostoles.wordpress.com\/2018\/11\/05\/las-mujeres-sacerdotes-de-la-iglesia-de-suecia\/\">iglesias hist\u00f3ricas, como la luterana<\/a>) se diera marcha atr\u00e1s. <b>Todo esto hace que la probabilidad de un rompimiento al interior del adventismo sea cada vez m\u00e1s probable.<\/b> En el mismo seno de los Estados Unidos, la cabeza local, Daniel R. Jackson est\u00e1 a favor de la ordenaci\u00f3n de mujeres, mientras que el presidente mundial, <a href=\"https:\/\/es.wikipedia.org\/wiki\/Ted_N._C._Wilson\">Ted N. C. Wilson<\/a> (quien termina en el 2020 su segundo mandato) est\u00e1 en contra.<br \/>\n<br \/>\nEl rompimiento que muy probablemente se de en 2020 ser\u00e1 al interior <a href=\"https:\/\/www.noticiacristiana.com\/iglesia\/2019\/09\/2020-iglesia-metodista-dividirse-totalmente-homosexualismo.html\">de la Iglesia Metodista por los sectores favorables a la igualdad LGBTI y los contrarios a la igualdad, en su congreso en Minneapolis.<\/a><br \/>\n<br \/>\nEste ser\u00e1 un interesante caso de estudio en la historia de las religiones. Haciendo una mirada desde afuera de esta, y cualquier otra denominaci\u00f3n religiosa, se observa como la cultura permaa todas las religiones. Por ejemplo, el catolicismo de hoy, que habla en favor de la libre prensa y democracia no es el mismo catolicismo de finales del siglo XVII, que se opuso al reemplazo de monarqu\u00edas por democracias y que fue feroz enemiga de los derechos de libertad de opini\u00f3n y culto. Muchos de los cl\u00e9rigos cat\u00f3licos actuales que hablan ante los medios sobre derechos humanos hubieran sido considerados herejes en tiempos de la Revoluci\u00f3n Francesa.<br \/>\n<br \/>\nEs muy dif\u00edcil que una religi\u00f3n pueda mantenerse cultural y doctrinalmente inalterada con el paso de los siglos y su expansi\u00f3n en diferentes culturas. Y eso parece que le est\u00e1 ocurriendo al adventismo. S\u00f3lo religiones que se a\u00edslan socialmente, como los<a href=\"https:\/\/blog-sin-dioses.blogspot.com\/2011\/10\/ultraortodoxos-protestan-por-llevar.html\"> jared\u00edes <\/a>o los <a href=\"https:\/\/es.wikipedia.org\/wiki\/Amish\">amish<\/a>, pueden seguir con unas costumbres y doctrinas similares a las originalmente establecidas. Porque si bien, muchas de ellas hablan de una separaci\u00f3n entre fieles e infieles o del mundo y los elegidos, es imposible evitar la influencia de la cultura actual, que reivindica derechos, porque todos los feligreses viven en una sociedad.<br \/>\n<br \/>\nEn el 2020 los adventistas tendr\u00e1n se <a href=\"https:\/\/www.interamerica.org\/es\/2011\/10\/el-congreso-mundial-de-la-asociacion-general-de-la-iglesia-adventista-del-septimo-dia-en-2020-regresa-a-indianapolis\/\">61 Conferencia General en la ciudad de Indianapolis,<\/a> y probablemente esta cuesti\u00f3n de la ordenaci\u00f3n de mujeres estar\u00e1 nuevamente sobre la mesa.<br \/>\n<br \/>\n<br \/>\n<b>Enlaces relacionados:<\/b><br \/>\n<b><br \/><\/b>\n<a href=\"https:\/\/blog-sin-dioses.blogspot.com\/2015\/01\/pastor-adventista-se-vuelve-ateo.html\">Pastor adventista se vuelve ateo<\/a><br \/>\n<div>\n<br \/><\/div>\n<a href=\"https:\/\/blog-sin-dioses.blogspot.com\/2012\/09\/presidente-de-la-iglesia-adventista-se.html\">Presidente de la Iglesia Adventista se opone a la ordenaci\u00f3n de mujeres<\/a><br \/>\n<div>\n<br \/><\/div>\n<a href=\"https:\/\/blog-sin-dioses.blogspot.com\/2012\/10\/iglesia-adventista-y-mormona-hacen.html\">Iglesia adventista y mormona hacen declaraciones oficiales sobre la homosexualidad<\/a><br \/>\n<div>\n<br \/><\/div>\n<div>\n<a href=\"https:\/\/blog-sin-dioses.blogspot.com\/2013\/06\/adventistas-y-evangelicos-en-contra-de.html\">Adventistas y evang\u00e9licos en contra de campa\u00f1a de derechos sexuales y reproductivos<\/a><br \/>\n<div>\n<br \/><\/div>\n<a href=\"https:\/\/blog-sin-dioses.blogspot.com\/2011\/11\/elena-g-de-white-y-su-temor-por-el.html\">Elena G. de White y su temor por el racionalismo<\/a><br \/>\n<div>\n<br \/><\/div>\n<a href=\"https:\/\/blog-sin-dioses.blogspot.com\/2014\/10\/adventistas-oran-para-que-se-detenga-el.html\">Adventistas oran para que se detenga el virus del \u00e9bola (que est\u00e1 evolucionando)<\/a><\/div>\n<div>\n<br \/><\/div>\n<a href=\"https:\/\/blog-sin-dioses.blogspot.com\/2019\/11\/el-odio-por-la-ciencia-de-la-fundadora.html\">El odio por la ciencia de la fundadora del adventismo<\/a><br \/>\n<div>\n<br \/><\/div>\n<a href=\"http:\/\/www.sindioses.org\/examenreligiones\/epilepsia01.html\">Elena G. de White: \u00bfProfeta de Dios o epil\u00e9ptica de l\u00f3bulo temporal?<\/a><br \/>\n<div>\n<br \/><\/div>\n<a href=\"http:\/\/www.sindioses.org\/examenreligiones\/white.html\">Elena G. de White y los adventistas del s\u00e9ptimo d\u00eda<\/a>","protected":false},"excerpt":{"rendered":"<p>En la Conferencia General de la Iglesia Adventista del 2015 en San Antonio, Texas, esta denominaci\u00f3n, de origen estadounidense, decidi\u00f3 votar en contra de que las divisiones territoriales de esta iglesia pudieran ordenar mujeres como pastoras.<\/p>\n<p>Al pa&#8230;<\/p>\n","protected":false},"author":170,"featured_media":0,"comment_status":"closed","ping_status":"open","sticky":false,"template":"","format":"standard","meta":{"footnotes":""},"categories":[4,79,109,668,266],"tags":[],"class_list":["post-738411","post","type-post","status-publish","format-standard","hentry","category-blogs-colaboradores","category-estados-unidos","category-iglesia-adventista-del-septimo-dia","category-machismo","category-mujeres"],"_links":{"self":[{"href":"https:\/\/www.redatea.net\/index.php\/wp-json\/wp\/v2\/posts\/738411","targetHints":{"allow":["GET"]}}],"collection":[{"href":"https:\/\/www.redatea.net\/index.php\/wp-json\/wp\/v2\/posts"}],"about":[{"href":"https:\/\/www.redatea.net\/index.php\/wp-json\/wp\/v2\/types\/post"}],"author":[{"embeddable":true,"href":"https:\/\/www.redatea.net\/index.php\/wp-json\/wp\/v2\/users\/170"}],"replies":[{"embeddable":true,"href":"https:\/\/www.redatea.net\/index.php\/wp-json\/wp\/v2\/comments?post=738411"}],"version-history":[{"count":2,"href":"https:\/\/www.redatea.net\/index.php\/wp-json\/wp\/v2\/posts\/738411\/revisions"}],"predecessor-version":[{"id":738548,"href":"https:\/\/www.redatea.net\/index.php\/wp-json\/wp\/v2\/posts\/738411\/revisions\/738548"}],"wp:attachment":[{"href":"https:\/\/www.redatea.net\/index.php\/wp-json\/wp\/v2\/media?parent=738411"}],"wp:term":[{"taxonomy":"category","embeddable":true,"href":"https:\/\/www.redatea.net\/index.php\/wp-json\/wp\/v2\/categories?post=738411"},{"taxonomy":"post_tag","embeddable":true,"href":"https:\/\/www.redatea.net\/index.php\/wp-json\/wp\/v2\/tags?post=738411"}],"curies":[{"name":"wp","href":"https:\/\/api.w.org\/{rel}","templated":true}]}}