{"id":738421,"date":"2026-03-10T18:46:18","date_gmt":"2026-03-10T17:46:18","guid":{"rendered":"https:\/\/laicismo.org\/?p=311995"},"modified":"2026-03-10T18:46:18","modified_gmt":"2026-03-10T17:46:18","slug":"charla-en-cordoba-la-reeducacion-de-las-mujeres-en-el-franquismo-por-la-periodista-y-escritora-matilde-cabello","status":"publish","type":"post","link":"https:\/\/laicismo.org\/charla-en-cordoba-la-reeducacion-de-las-mujeres-en-el-franquismo-por-la-periodista-y-escritora-matilde-cabello\/","title":{"rendered":"Charla en C\u00f3rdoba: \u00abLa reeducaci\u00f3n de las mujeres en el franquismo\u00bb por la periodista y escritora Matilde Cabello"},"content":{"rendered":"Andaluc\u00eda Laica, grupo territorial de Europa Laica, organiza el pr\u00f3ximo s\u00e1bado 14 de marzo, a las 12:00 horas,&#8230;","protected":false},"excerpt":{"rendered":"<p>Andaluc\u00eda Laica, grupo territorial de Europa Laica, organiza el pr\u00f3ximo s\u00e1bado 14 de marzo, a las 12:00 horas,\u2026<\/p>\n","protected":false},"author":195,"featured_media":0,"comment_status":"closed","ping_status":"open","sticky":false,"template":"","format":"standard","meta":{"footnotes":""},"categories":[2158,4,2159,2160,2161,259,1605,77,2162,20,2163,2164],"tags":[],"class_list":["post-738421","post","type-post","status-publish","format-standard","hentry","category-andalucia-laica","category-blogs-colaboradores","category-cordoba","category-cordoba-laica","category-dictadura","category-educacion","category-europa-laica","category-eventos","category-franquismo","category-mujer","category-patronato-de-proteccion-a-la-mujer","category-represion"],"_links":{"self":[{"href":"https:\/\/www.redatea.net\/index.php\/wp-json\/wp\/v2\/posts\/738421","targetHints":{"allow":["GET"]}}],"collection":[{"href":"https:\/\/www.redatea.net\/index.php\/wp-json\/wp\/v2\/posts"}],"about":[{"href":"https:\/\/www.redatea.net\/index.php\/wp-json\/wp\/v2\/types\/post"}],"author":[{"embeddable":true,"href":"https:\/\/www.redatea.net\/index.php\/wp-json\/wp\/v2\/users\/195"}],"replies":[{"embeddable":true,"href":"https:\/\/www.redatea.net\/index.php\/wp-json\/wp\/v2\/comments?post=738421"}],"version-history":[{"count":2,"href":"https:\/\/www.redatea.net\/index.php\/wp-json\/wp\/v2\/posts\/738421\/revisions"}],"predecessor-version":[{"id":738508,"href":"https:\/\/www.redatea.net\/index.php\/wp-json\/wp\/v2\/posts\/738421\/revisions\/738508"}],"wp:attachment":[{"href":"https:\/\/www.redatea.net\/index.php\/wp-json\/wp\/v2\/media?parent=738421"}],"wp:term":[{"taxonomy":"category","embeddable":true,"href":"https:\/\/www.redatea.net\/index.php\/wp-json\/wp\/v2\/categories?post=738421"},{"taxonomy":"post_tag","embeddable":true,"href":"https:\/\/www.redatea.net\/index.php\/wp-json\/wp\/v2\/tags?post=738421"}],"curies":[{"name":"wp","href":"https:\/\/api.w.org\/{rel}","templated":true}]}}