{"id":738429,"date":"2026-03-09T15:05:00","date_gmt":"2026-03-09T14:05:00","guid":{"rendered":"https:\/\/laicismo.org\/?p=182444"},"modified":"2026-03-09T15:05:00","modified_gmt":"2026-03-09T14:05:00","slug":"efemerides-laicistas-13-de-marzo","status":"publish","type":"post","link":"https:\/\/laicismo.org\/efemerides-laicistas-13-de-marzo\/","title":{"rendered":"Efem\u00e9rides laicistas 13 de marzo"},"content":{"rendered":"1943 &#8211; En el marco del Holocausto, el ej\u00e9rcito nazi alem\u00e1n liquida el gueto jud\u00edo de Cracovia (Polonia).&#8230;","protected":false},"excerpt":{"rendered":"<p>1943 \u2013 En el marco del Holocausto, el ej\u00e9rcito nazi alem\u00e1n liquida el gueto jud\u00edo de Cracovia (Polonia).\u2026<\/p>\n","protected":false},"author":196,"featured_media":0,"comment_status":"closed","ping_status":"open","sticky":false,"template":"","format":"standard","meta":{"footnotes":""},"categories":[4,112,467],"tags":[],"class_list":["post-738429","post","type-post","status-publish","format-standard","hentry","category-blogs-colaboradores","category-creacionismo","category-efemerides"],"_links":{"self":[{"href":"https:\/\/www.redatea.net\/index.php\/wp-json\/wp\/v2\/posts\/738429","targetHints":{"allow":["GET"]}}],"collection":[{"href":"https:\/\/www.redatea.net\/index.php\/wp-json\/wp\/v2\/posts"}],"about":[{"href":"https:\/\/www.redatea.net\/index.php\/wp-json\/wp\/v2\/types\/post"}],"author":[{"embeddable":true,"href":"https:\/\/www.redatea.net\/index.php\/wp-json\/wp\/v2\/users\/196"}],"replies":[{"embeddable":true,"href":"https:\/\/www.redatea.net\/index.php\/wp-json\/wp\/v2\/comments?post=738429"}],"version-history":[{"count":2,"href":"https:\/\/www.redatea.net\/index.php\/wp-json\/wp\/v2\/posts\/738429\/revisions"}],"predecessor-version":[{"id":738512,"href":"https:\/\/www.redatea.net\/index.php\/wp-json\/wp\/v2\/posts\/738429\/revisions\/738512"}],"wp:attachment":[{"href":"https:\/\/www.redatea.net\/index.php\/wp-json\/wp\/v2\/media?parent=738429"}],"wp:term":[{"taxonomy":"category","embeddable":true,"href":"https:\/\/www.redatea.net\/index.php\/wp-json\/wp\/v2\/categories?post=738429"},{"taxonomy":"post_tag","embeddable":true,"href":"https:\/\/www.redatea.net\/index.php\/wp-json\/wp\/v2\/tags?post=738429"}],"curies":[{"name":"wp","href":"https:\/\/api.w.org\/{rel}","templated":true}]}}