{"id":738437,"date":"2026-03-09T13:50:00","date_gmt":"2026-03-09T12:50:00","guid":{"rendered":"https:\/\/laicismo.org\/?p=175106"},"modified":"2026-03-09T13:50:00","modified_gmt":"2026-03-09T12:50:00","slug":"efemerides-laicistas-9-de-marzo","status":"publish","type":"post","link":"https:\/\/laicismo.org\/efemerides-laicistas-9-de-marzo\/","title":{"rendered":"Efem\u00e9rides laicistas 9 de marzo"},"content":{"rendered":"1820 &#8211; En Espa\u00f1a un decreto suprime de nuevo la Inquisici\u00f3n o Tribunal del Santo Oficio por ser&#8230;","protected":false},"excerpt":{"rendered":"<p>1820 \u2013 En Espa\u00f1a un decreto suprime de nuevo la Inquisici\u00f3n o Tribunal del Santo Oficio por ser\u2026<\/p>\n","protected":false},"author":196,"featured_media":0,"comment_status":"closed","ping_status":"open","sticky":false,"template":"","format":"standard","meta":{"footnotes":""},"categories":[4,467],"tags":[],"class_list":["post-738437","post","type-post","status-publish","format-standard","hentry","category-blogs-colaboradores","category-efemerides"],"_links":{"self":[{"href":"https:\/\/www.redatea.net\/index.php\/wp-json\/wp\/v2\/posts\/738437","targetHints":{"allow":["GET"]}}],"collection":[{"href":"https:\/\/www.redatea.net\/index.php\/wp-json\/wp\/v2\/posts"}],"about":[{"href":"https:\/\/www.redatea.net\/index.php\/wp-json\/wp\/v2\/types\/post"}],"author":[{"embeddable":true,"href":"https:\/\/www.redatea.net\/index.php\/wp-json\/wp\/v2\/users\/196"}],"replies":[{"embeddable":true,"href":"https:\/\/www.redatea.net\/index.php\/wp-json\/wp\/v2\/comments?post=738437"}],"version-history":[{"count":2,"href":"https:\/\/www.redatea.net\/index.php\/wp-json\/wp\/v2\/posts\/738437\/revisions"}],"predecessor-version":[{"id":738516,"href":"https:\/\/www.redatea.net\/index.php\/wp-json\/wp\/v2\/posts\/738437\/revisions\/738516"}],"wp:attachment":[{"href":"https:\/\/www.redatea.net\/index.php\/wp-json\/wp\/v2\/media?parent=738437"}],"wp:term":[{"taxonomy":"category","embeddable":true,"href":"https:\/\/www.redatea.net\/index.php\/wp-json\/wp\/v2\/categories?post=738437"},{"taxonomy":"post_tag","embeddable":true,"href":"https:\/\/www.redatea.net\/index.php\/wp-json\/wp\/v2\/tags?post=738437"}],"curies":[{"name":"wp","href":"https:\/\/api.w.org\/{rel}","templated":true}]}}