{"id":738441,"date":"2026-03-08T10:32:54","date_gmt":"2026-03-08T09:32:54","guid":{"rendered":"http:\/\/acracia.org\/?p=8875"},"modified":"2026-03-08T10:32:54","modified_gmt":"2026-03-08T09:32:54","slug":"8-de-marzo-de-la-celda-a-la-calle-las-mujeres-iranies-nunca-se-rinden","status":"publish","type":"post","link":"https:\/\/acracia.org\/8-de-marzo-de-la-celda-a-la-calle-las-mujeres-iranies-nunca-se-rinden\/","title":{"rendered":"8 de marzo \u2014 De la celda a la calle: \u00a1las mujeres iran\u00edes nunca se rinden!"},"content":{"rendered":"<p>Frente Anarquista de Ir\u00e1n En este D\u00eda Internacional de la Mujer, Ir\u00e1n est\u00e1 bajo bombardeo, y las mujeres iran\u00edes, como siempre, est\u00e1n en medio del fuego, no como v\u00edctimas, sino &#8230; <a href=\"https:\/\/acracia.org\/8-de-marzo-de-la-celda-a-la-calle-las-mujeres-iranies-nunca-se-rinden\/\" class=\"more-link\">Seguir leyendo <span class=\"screen-reader-text\">8 de marzo \u2014 De la celda a la calle: \u00a1las mujeres iran\u00edes nunca se rinden!<\/span> <span class=\"meta-nav\">&#8594;<\/span><\/a><\/p>\n<p>La entrada <a rel=\"nofollow\" href=\"https:\/\/acracia.org\/8-de-marzo-de-la-celda-a-la-calle-las-mujeres-iranies-nunca-se-rinden\/\">8 de marzo \u2014 De la celda a la calle: \u00a1las mujeres iran\u00edes nunca se rinden!<\/a> aparece primero en <a rel=\"nofollow\" href=\"https:\/\/acracia.org\/\">Acracia<\/a>.<\/p>\n","protected":false},"excerpt":{"rendered":"<p>Frente Anarquista de Ir\u00e1n En este D\u00eda Internacional de la Mujer, Ir\u00e1n est\u00e1 bajo bombardeo, y las mujeres iran\u00edes, como siempre, est\u00e1n en medio del fuego, no como v\u00edctimas, sino \u2026 <a href=\"https:\/\/acracia.org\/8-de-marzo-de-la-celda-a-la-calle-las-mujeres-iranies-nunca-se-rinden\/\" class=\"more-link\">Seguir leyendo <span class=\"screen-reader-text\">8 de marzo \u2014 De la celda a la calle: \u00a1las mujeres iran\u00edes nunca se rinden!<\/span> <span class=\"meta-nav\">?<\/span><\/a><\/p>\n<p>La entrada <a rel=\"nofollow\" href=\"https:\/\/acracia.org\/8-de-marzo-de-la-celda-a-la-calle-las-mujeres-iranies-nunca-se-rinden\/\">8 de marzo \u2014 De la celda a la calle: \u00a1las mujeres iran\u00edes nunca se rinden!<\/a> aparece primero en <a rel=\"nofollow\" href=\"https:\/\/acracia.org\/\">Acracia<\/a>.<\/p>\n","protected":false},"author":197,"featured_media":0,"comment_status":"closed","ping_status":"open","sticky":false,"template":"","format":"standard","meta":{"footnotes":""},"categories":[360,2179,4,2175,2180,1098,20],"tags":[],"class_list":["post-738441","post","type-post","status-publish","format-standard","hentry","category-actualidad","category-anarquismo-en-la-actualidad","category-blogs-colaboradores","category-destacado","category-frente-anarquista-de-iran","category-iran","category-mujer"],"_links":{"self":[{"href":"https:\/\/www.redatea.net\/index.php\/wp-json\/wp\/v2\/posts\/738441","targetHints":{"allow":["GET"]}}],"collection":[{"href":"https:\/\/www.redatea.net\/index.php\/wp-json\/wp\/v2\/posts"}],"about":[{"href":"https:\/\/www.redatea.net\/index.php\/wp-json\/wp\/v2\/types\/post"}],"author":[{"embeddable":true,"href":"https:\/\/www.redatea.net\/index.php\/wp-json\/wp\/v2\/users\/197"}],"replies":[{"embeddable":true,"href":"https:\/\/www.redatea.net\/index.php\/wp-json\/wp\/v2\/comments?post=738441"}],"version-history":[{"count":2,"href":"https:\/\/www.redatea.net\/index.php\/wp-json\/wp\/v2\/posts\/738441\/revisions"}],"predecessor-version":[{"id":738522,"href":"https:\/\/www.redatea.net\/index.php\/wp-json\/wp\/v2\/posts\/738441\/revisions\/738522"}],"wp:attachment":[{"href":"https:\/\/www.redatea.net\/index.php\/wp-json\/wp\/v2\/media?parent=738441"}],"wp:term":[{"taxonomy":"category","embeddable":true,"href":"https:\/\/www.redatea.net\/index.php\/wp-json\/wp\/v2\/categories?post=738441"},{"taxonomy":"post_tag","embeddable":true,"href":"https:\/\/www.redatea.net\/index.php\/wp-json\/wp\/v2\/tags?post=738441"}],"curies":[{"name":"wp","href":"https:\/\/api.w.org\/{rel}","templated":true}]}}