{"id":738467,"date":"2026-02-02T12:04:29","date_gmt":"2026-02-02T11:04:29","guid":{"rendered":"https:\/\/magonia.com\/?p=44461"},"modified":"2026-02-02T12:04:29","modified_gmt":"2026-02-02T11:04:29","slug":"extraterrestres-brujas-mediums-y-divulgacion-cientifica","status":"publish","type":"post","link":"https:\/\/magonia.com\/2026\/02\/02\/extraterrestres-brujas-mediums-y-divulgacion-cientifica\/","title":{"rendered":"Extraterrestres, brujas, m\u00e9diums y divulgaci\u00f3n cient\u00edfica"},"content":{"rendered":"\n<figure class=\"wp-block-image size-large\"><img loading=\"lazy\" decoding=\"async\" width=\"1024\" height=\"721\" src=\"https:\/\/magonia.com\/wp-content\/uploads\/2026\/02\/cielo-negro-1024x721.jpg\" alt=\"Fotograma de la serie \u2018Cielo negro\u2019 (1996-1997), alternativa de la NBC a \u2018Expediente X\u2019.\" class=\"wp-image-44462\" srcset=\"https:\/\/magonia.com\/wp-content\/uploads\/2026\/02\/cielo-negro-1024x721.jpg 1024w, https:\/\/magonia.com\/wp-content\/uploads\/2026\/02\/cielo-negro-300x211.jpg 300w, https:\/\/magonia.com\/wp-content\/uploads\/2026\/02\/cielo-negro-768x541.jpg 768w, https:\/\/magonia.com\/wp-content\/uploads\/2026\/02\/cielo-negro-1536x1082.jpg 1536w, https:\/\/magonia.com\/wp-content\/uploads\/2026\/02\/cielo-negro-2048x1443.jpg 2048w\" sizes=\"(max-width: 1024px) 100vw, 1024px\" \/><figcaption class=\"wp-element-caption\">Fotograma de la serie \u2018Cielo negro\u2019 (1996-1997), alternativa de la NBC a \u2018Expediente X\u2019.<\/figcaption><\/figure>\n\n\n\n<p>\u00bfCu\u00e1ntos est\u00e1is convencidos de que el hombre pis\u00f3 la Luna en 1969? Cada a\u00f1o&nbsp;hago esta pregunta a un grupo de graduados universitarios. \u00bfConvencidos?, \u00bfen 1969?, me suelen preguntar. Tras aclararles que quiero saber cu\u00e1ntos est\u00e1n convencidos de que Neil Armstrong y Buzz Aldrin se pasearon por el mar de la Tranquilidad el 21 de julio de 1969, entre un tercio y la mitad no levanta la mano. En alguna ocasi\u00f3n, los partidarios de <a href=\"https:\/\/magonia.com\/2019\/06\/01\/la-conspiracion-lunar\/\">la conspiraci\u00f3n lunar<\/a> son mayor\u00eda.<\/p>\n\n\n\n<p>Mi experiencia, sin ning\u00fan valor cient\u00edfico y que repito desde hace veinticinco a\u00f1os, no cuadra con los resultados del <em>Estudio de la Fundaci\u00f3n BBVA sobre creencias y pr\u00e1cticas alternativas<\/em> de 2025 (1) ni con los del <em>Estudio Fundaci\u00f3n BBVA de cultura cient\u00edfica en Espa\u00f1a<\/em> hecho p\u00fablico hace unos d\u00edas (2). Seg\u00fan el primero, un 17 % de los espa\u00f1oles mayores de 18 a\u00f1os niega la realidad de los alunizajes. Seg\u00fan el segundo, lo hace el 22 %. Que uno de cada cinco ciudadanos niegue los alunizajes me parece preocupante, aunque sospecho que pueden ser m\u00e1s. Me explico.<\/p>\n\n\n\n<p>Sospecho que el elevado negacionismo lunar entre mis graduados se debe a que les pido que est\u00e9n convencidos y sit\u00fao la haza\u00f1a en 1969, mientras que en el estudio sociol\u00f3gico de la Fundaci\u00f3n BBVA preguntan si los humanos hemos llegado a la Luna. As\u00ed, sin ninguna fecha. S\u00e9, por experiencia, que hay quienes niegan los alunizajes entre 1969 y 1972, pero no que haya habido misiones similares exitosas despu\u00e9s, aunque no precisen cu\u00e1ndo ni sean capaces de presentar una prueba de lo que dicen. Mi sondeo informal entre graduados carece de valor cient\u00edfico. Sin embargo, creo que estar\u00eda bien que futuras encuestas de cultura cient\u00edfica plantearan la pregunta sobre la llegada del hombre a la Luna en t\u00e9rminos parecidos a los que yo uso en clase.<\/p>\n\n\n\n<div class=\"wp-block-columns is-layout-flex wp-container-core-columns-is-layout-3 wp-block-columns-is-layout-flex\">\n<div class=\"wp-block-column is-layout-flow wp-block-column-is-layout-flow\">\n<p>Seg\u00fan el \u00faltimo estudio de la Fundaci\u00f3n BBVA, uno de cada tres espa\u00f1oles (28 %) cree que nos han visitado extraterrestres. El sondeo de 2025 revelaba, adem\u00e1s, que tambi\u00e9n uno de cada tres (30 %) cree que las estrellas y los planetas influyen en nuestra vida; uno de cada cuatro (24 %), que es posible comunicarse con los muertos; uno de cada cinco (18 %), en la magia; y uno de cada siete (14 %), en las brujas. Seg\u00fan ese mismo trabajo, casi la mitad de los espa\u00f1oles (48 %) cree en la existencia de un dios; uno de cada tres, en que un dios cre\u00f3 el universo (33 %), en la vida despu\u00e9s de la muerte (35 %) y en el para\u00edso (30 %); y uno de cada cinco, en el demonio (21 %) y el infierno (19 %). No sabemos \u2013no se han publicado datos al respecto\u2013 c\u00f3mo se solapan entre s\u00ed las creencias pseudocient\u00edficas ni c\u00f3mo lo hacen con las religiosas.<\/p>\n\n\n\n<p>La nota de prensa de la Fundaci\u00f3n BBVA sobre el sondeo de 2025 destacaba que \u00abla gran mayor\u00eda de los ciudadanos\u00bb rechaza la astrolog\u00eda, y que la creencia en la magia y las brujas tiene \u00abuna aceptaci\u00f3n muy baja\u00bb. Es cierto, pero que uno de cada tres espa\u00f1oles crea en la astrolog\u00eda y uno de cada siete, en las brujas es como para preocuparse. La nota de prensa de este a\u00f1o indica que \u00abla creencia en teor\u00edas conspirativas contrarias a la evidencia cient\u00edfica es globalmente minoritaria, aunque se registran porcentajes significativos a prop\u00f3sito de algunas cuestiones espec\u00edficas\u00bb. Los autores ven la botella bastante llena; yo no puedo.<\/p>\n<\/div>\n\n\n\n<div class=\"wp-block-column is-layout-flow wp-block-column-is-layout-flow\">\n<figure class=\"wp-block-image size-large\"><img loading=\"lazy\" decoding=\"async\" width=\"739\" height=\"1024\" src=\"https:\/\/magonia.com\/wp-content\/uploads\/2014\/06\/espiritu-739x1024.jpg\" alt=\"El ilusionista franc\u00e9s Henry Robin, con un espectro. Foto de Eug\u00e8ne Thi\u00e9bault (1863).\" class=\"wp-image-7777\" srcset=\"https:\/\/magonia.com\/wp-content\/uploads\/2014\/06\/espiritu-739x1024.jpg 739w, https:\/\/magonia.com\/wp-content\/uploads\/2014\/06\/espiritu-217x300.jpg 217w, https:\/\/magonia.com\/wp-content\/uploads\/2014\/06\/espiritu-768x1064.jpg 768w, https:\/\/magonia.com\/wp-content\/uploads\/2014\/06\/espiritu.jpg 945w\" sizes=\"(max-width: 739px) 100vw, 739px\" \/><figcaption class=\"wp-element-caption\">El ilusionista franc\u00e9s Henry Robin, con un espectro. Foto de Eug\u00e8ne\nThi\u00e9bault (1863).<\/figcaption><\/figure>\n<\/div>\n<\/div>\n\n\n\n<p>Si damos por buenos los datos de la Fundaci\u00f3n BBVA -no hay razones para lo contrario-, m\u00e1s de 12 millones de adultos espa\u00f1oles creen en la influencia de los astros y en las visitas extraterrestres; casi 10 millones, en el espiritismo; m\u00e1s de 9 millones niegan los alunizajes; y m\u00e1s de 7 millones creen en la magia. Este a\u00f1o no se ha preguntado por ello, pero, seg\u00fan la encuesta de 2025, el 21 % de los espa\u00f1oles usa productos homeop\u00e1ticos, y el 19 % conf\u00eda poco o nada en las vacunas. Me pregunto c\u00f3mo casan estos datos con que el 93 % los encuestados otorgue \u00abmucha o bastante importancia a la comprobaci\u00f3n experimental\u00bb, y el 72 % comprenda \u00ablos mecanismos institucionales de aceptaci\u00f3n del conocimiento cient\u00edfico como conocimiento p\u00fablico validado a trav\u00e9s de su publicaci\u00f3n en revistas cient\u00edficas\u00bb. \u00bfQue consideran comprobaci\u00f3n experimental los creyentes en la astrolog\u00eda, las visitas extraterrestres, <a href=\"https:\/\/magonia.com\/2013\/04\/01\/el-espiritismo-nacio-como-una-broma-infantil-del-1-de-abril\/\">el espiritismo<\/a>, la magia, las brujas y la <a href=\"https:\/\/magonia.com\/2015\/12\/03\/el-archivo-del-misterio-la-homeopatia\/\">homeopat\u00eda<\/a>? \u00bfEn qu\u00e9 revistas cient\u00edficas han visto validadas esas ideas? \u00bfSe gu\u00edan por criterios similares a la hora de votar?&nbsp;<\/p>\n\n\n\n<p>En las elecciones generales de julio de 2023, el PP obtuvo 8.160.837 votos y el PSOE, 7.821.718. As\u00ed que respaldaron a cada partido menos votantes que los espa\u00f1oles que niegan los alunizajes y menos tambi\u00e9n que los que creen en la astrolog\u00eda, en que nos visitan extraterrestres y en el espiritismo. Hay una Espa\u00f1a sobrenatural, convencida de la realidad de cosas incre\u00edbles, y pocas veces se habla en los medios de comunicaci\u00f3n de ello con la seriedad que el asunto merece. Es m\u00e1s, lo habitual es que, a la menor oportunidad, algunos grandes medios alimenten creencias disparatadas en pos de la audiencia.&nbsp;<\/p>\n\n\n\n<p>\u00bfQu\u00e9 futuro nos espera si los ciudadanos se tragan cualquier cosa? Me temo que el del Brexit y el del trumpismo. El de la vuelta del sarampi\u00f3n \u2013y qui\u00e9n sabe si la polio\u2013 y el del negacionismo del cambio clim\u00e1tico, en nuestro pa\u00eds con un fuerte componente pol\u00edtico, seg\u00fan el <em>Estudio Fundaci\u00f3n BBVA de cultura cient\u00edfica en Espa\u00f1a<\/em>. Porque, lo mismo que hay una izquierda que, frente a los antibi\u00f3ticos y la quimioterapia, prefiere la lej\u00eda y el reiki, hay una derecha para la cual el cambio clim\u00e1tico es un invento de los cient\u00edficos. En Espa\u00f1a, con una media de negacionistas del calentamiento global del 15 %, \u00abel 29 % de las personas que se ubican ideol\u00f3gicamente en la derecha da por verdadera la tesis de que el cambio clim\u00e1tico no existe, mientras que solo el 6 % de quienes se sit\u00faan en la izquierda lo hace\u00bb. Hay una derecha, que ya gobierna en muchas comunidades aut\u00f3nomas y ciudades, que se opone al descenso del uso de combustibles f\u00f3siles, a recuperar las calles para los peatones y a que el aire sea respirable y no masticable.<\/p>\n\n\n\n<div class=\"wp-block-columns is-layout-flex wp-container-core-columns-is-layout-4 wp-block-columns-is-layout-flex\">\n<div class=\"wp-block-column is-layout-flow wp-block-column-is-layout-flow\">\n<p>Estos estudios son siempre interesantes y pintan un paisaje social que no debemos ignorar, aunque no descubran nada sustancialmente nuevo. No creemos hoy en m\u00e1s cosas raras que ayer, aunque haya algunas que antes no exist\u00edan, como el negacionismo clim\u00e1tico, y otras que se ignoraban por su escasa implantaci\u00f3n, como el terraplanismo. A finales de la d\u00e9cada de 1980, uno de cada tres espa\u00f1oles cre\u00eda en la astrolog\u00eda. A mediados de la d\u00e9cada de 1990, un tercio de la poblaci\u00f3n cre\u00eda en los esp\u00edritus, y la mitad de los j\u00f3venes, en que los ovnis eran naves extraterrestres. En 2005, uno de cada cinco j\u00f3venes confiaba en poder comunicarse con los muertos y en el hor\u00f3scopo, y, para uno de cada cuatro, los ovnis eran ingenios alien\u00edgenas. En los pa\u00edses de nuestro entorno, pasaba y pasa lo mismo.<\/p>\n<\/div>\n\n\n\n<div class=\"wp-block-column is-layout-flow wp-block-column-is-layout-flow\">\n<figure class=\"wp-block-image size-full\"><img loading=\"lazy\" decoding=\"async\" width=\"860\" height=\"644\" src=\"https:\/\/magonia.com\/wp-content\/uploads\/2017\/02\/eduard-punset-uri-geller.jpg\" alt=\"Eduard Punset con Uri Geller, en 'Redes' en 1998.\" class=\"wp-image-23527\" srcset=\"https:\/\/magonia.com\/wp-content\/uploads\/2017\/02\/eduard-punset-uri-geller.jpg 860w, https:\/\/magonia.com\/wp-content\/uploads\/2017\/02\/eduard-punset-uri-geller-300x225.jpg 300w, https:\/\/magonia.com\/wp-content\/uploads\/2017\/02\/eduard-punset-uri-geller-768x575.jpg 768w\" sizes=\"(max-width: 860px) 100vw, 860px\" \/><figcaption class=\"wp-element-caption\">Eduard Punset con Uri Geller, en &#8216;Redes&#8217; en 1998.<\/figcaption><\/figure>\n<\/div>\n<\/div>\n\n\n\n<p>Tampoco hay que considerar a quienes profesan esas creencias unos ignorantes, gente sin formaci\u00f3n que se traga cualquier bobada. Nadie es inmune a creer cosas infundadas, incluidos los genios de la ciencia; incluido usted, incluido yo. A ninguno nos han ense\u00f1ado a pensar cr\u00edticamente ni a ser conscientes de nuestros sesgos. Kary Mullis, nobel de qu\u00edmica por el invento de la PCR, &nbsp;negaba el cambio clim\u00e1tico y que el VIH cause el sida, y aseguraba que una noche se hab\u00eda encontrado con un mapache extraterrestre brillante y parlanch\u00edn en un bosque californiano. El naturalista Alfred Russel Wallace, codescubridor de la teor\u00eda de la evoluci\u00f3n, era espiritista y antivacunas. <a href=\"https:\/\/magonia.com\/2014\/07\/24\/arthur-conan-doyle-el-campeon-del-espiritismo\/\"  rel=\"noopener\">Arthur Conan Doyle cre\u00eda en el espiritismo y las hadas<\/a>.&nbsp;<a href=\"https:\/\/magonia.com\/2011\/10\/20\/steve-jobs-probo-durante-meses-terapias-alternativas-y-retraso-la-cirugia-que-podia-salvarle-dice-su-biografo\/\"  rel=\"noreferrer noopener\">Steve Jobs<\/a>&nbsp;y&nbsp;<a href=\"https:\/\/magonia.com\/2008\/08\/20\/operando-sin-bisturi\/\"  rel=\"noreferrer noopener\">Peter Sellers<\/a>&nbsp;murieron prematuramente por ponerse en manos de terapeutas alternativos.&nbsp;Y el economista Eduard Punset estaba convencido de que <a href=\"https:\/\/magonia.com\/2017\/02\/15\/eduard-punset-y-uri-geller\/\">Uri Geller ten\u00eda poderes paranormales<\/a>, cre\u00eda en la acupuntura y dio bola en <em>Redes<\/em> -su programa de divulgaci\u00f3n cient\u00edfica en TVE- a <a href=\"http:\/\/www.skepdic.com\/chopra.html\"  rel=\"noreferrer noopener\">Deepak Chopra<\/a>,&nbsp;<a href=\"http:\/\/www.skepdic.com\/refuge\/sheldrake.html\"  rel=\"noreferrer noopener\">Rupert Sheldrake<\/a>,&nbsp;<a href=\"https:\/\/magonia.com\/2012\/07\/03\/grupo-pascual-recurre-al-charlatan-masaru-emoto-para-dotar-al-agua-de-bezoya-de-memoria-y-cualidades-magicas\/\"  rel=\"noreferrer noopener\">Masaru Emoto<\/a> y el propio Geller.<\/p>\n\n\n\n<p>\u00bfVamos a hacer algo contra la pseudociencia y la superstici\u00f3n a escala nacional? \u00bfSe puede hacer algo? \u00bfMerece la pena?<\/p>\n\n\n\n<p>No creo que con m\u00e1s divulgaci\u00f3n cient\u00edfica vayamos a conseguir nada que no hayamos conseguido ya. Nunca ha habido en Espa\u00f1a tanta divulgaci\u00f3n tan buena como ahora, y eso no ha supuesto en los \u00faltimos a\u00f1os un retroceso del anticonocimiento. La divulgaci\u00f3n cient\u00edfica es una cosa y fomentar el esp\u00edritu cr\u00edtico, otra. Un <a href=\"https:\/\/circuloesceptico.org\/\"  rel=\"noreferrer noopener\">movimiento esc\u00e9ptico<\/a> fuerte, bien organizado y con medios, podr\u00eda plantar cara a la pseudociencia, el pensamiento m\u00e1gico y la superstici\u00f3n, explicando a nuestros conciudadanos la realidad, las tergiversaciones, las mentiras y los intereses comerciales que les sirven de combustible, <a href=\"https:\/\/skepticalinquirer.org\/exclusive\/malos-tiempos-para-la-homeopatia-en-espana\/\"  rel=\"noreferrer noopener\">como hicimos en el caso de la homeopat\u00eda<\/a>. No creo que sea f\u00e1cil ni que pueda conseguirse sin un fuerte apoyo institucional en el que conf\u00edo casi tan poco como en el hor\u00f3scopo. (Ah\u00ed est\u00e1 el <a href=\"https:\/\/skepticalinquirer.org\/exclusive\/el-frustrado-plan-espanol-contra-las-pseudoterapias\/\">plan gubernamental contra las pseudoterapias<\/a>, cuyo \u00fanico fruto en ocho a\u00f1os han sido unos anuncios en televisi\u00f3n). Pero quiero creer \u2013como Fox Mulder\u2013 que la exposici\u00f3n a la cr\u00edtica racional puede, entre los creyentes no fan\u00e1ticos, afectar al virus del anticonocimiento lo mismo que la luz solar a Dr\u00e1cula.<\/p>\n\n\n\n<p>Volviendo al ejemplo de mis graduados universitarios, su respuesta a la pregunta sobre los alunizajes me lleva a darles una larga charla sobre la conspiraci\u00f3n lunar. Es larga porque hay muchas cosas que contar y, adem\u00e1s, el guion ha crecido a\u00f1o a a\u00f1o. Al final, vuelvo a hacerles la pregunta de marras: \u00bfcu\u00e1ntos est\u00e1is convencidos de que el hombre pis\u00f3 la Luna en 1969? Se levantan m\u00e1s manos que la primera vez, y siento cada una de las nuevas como una peque\u00f1a victoria. No s\u00e9 si algo as\u00ed es el camino, pero por ahora es mi camino.<\/p>\n\n\n\n<p>[1] Fundaci\u00f3n BBVA [2025]: <a href=\"https:\/\/www.fbbva.es\/noticias\/estudio-opinion-publica-creencias-practicas-alternativas\/\"  rel=\"noreferrer noopener\">\u00abFrente al ruido de la posverdad, el relativismo y negacionismo cient\u00edfico de algunas \u00e9lites pol\u00edticas y culturales, en la gran mayor\u00eda de la sociedad espa\u00f1ola est\u00e1 vigente una apreciaci\u00f3n cultural y pr\u00e1ctica de la ciencia y la racionalidad\u00bb<\/a>. 4 de febrero.<\/p>\n\n\n\n<p>[2] Fundaci\u00f3n BBVA [2026]: <a href=\"https:\/\/www.fbbva.es\/noticias\/estudio-opinion-publica-cultura-cientifica-interes-conocimiento-ciencia\/\"  rel=\"noreferrer noopener\">\u00abLa mayor\u00eda de los ciudadanos espa\u00f1oles tiene un nivel alto de inter\u00e9s por la ciencia y un nivel medio de conocimiento cient\u00edfico\u00bb<\/a>. 27 de enero.<\/p>\n\n\n\n<p>Art\u00edculo publicado en <em><strong>Magonia<\/strong><\/em> el 2 de febrero de 2026.<\/p>\n\n\n\n<p><\/p>\n","protected":false},"excerpt":{"rendered":"<p>\u00bfCu\u00e1ntos est\u00e1is convencidos de que el hombre pis\u00f3 la Luna en 1969? Cada a\u00f1o\u00a0hago esta pregunta a un grupo de graduados universitarios. \u00bfConvencidos?, \u00bfen 1969?, me suelen preguntar. Tras aclararles que quiero saber cu\u00e1ntos est\u00e1n convencidos de que Neil Armstrong y Buzz Aldrin se pasearon por el mar de la Tranquilidad el 21 de julio [\u2026]<\/p>\n","protected":false},"author":198,"featured_media":0,"comment_status":"closed","ping_status":"open","sticky":false,"template":"","format":"standard","meta":{"footnotes":""},"categories":[2238,120,2214,2234,4,2244,542,285,935,2239,45,2218,2219,2215,2242],"tags":[],"class_list":["post-738467","post","type-post","status-publish","format-standard","hentry","category-analfabetismo-cientifico","category-articulos","category-articulos-portada","category-astrologia-y-adivinacion","category-blogs-colaboradores","category-ciencia-supersticion-incultura","category-conspiracion-lunar","category-conspiraciones","category-espiritismo","category-fundacion-bbva","category-historia","category-historias-portada","category-magonia","category-ovnis-y-extraterrestres","category-sondeos-de-opinion"],"_links":{"self":[{"href":"https:\/\/www.redatea.net\/index.php\/wp-json\/wp\/v2\/posts\/738467","targetHints":{"allow":["GET"]}}],"collection":[{"href":"https:\/\/www.redatea.net\/index.php\/wp-json\/wp\/v2\/posts"}],"about":[{"href":"https:\/\/www.redatea.net\/index.php\/wp-json\/wp\/v2\/types\/post"}],"author":[{"embeddable":true,"href":"https:\/\/www.redatea.net\/index.php\/wp-json\/wp\/v2\/users\/198"}],"replies":[{"embeddable":true,"href":"https:\/\/www.redatea.net\/index.php\/wp-json\/wp\/v2\/comments?post=738467"}],"version-history":[{"count":1,"href":"https:\/\/www.redatea.net\/index.php\/wp-json\/wp\/v2\/posts\/738467\/revisions"}],"predecessor-version":[{"id":738468,"href":"https:\/\/www.redatea.net\/index.php\/wp-json\/wp\/v2\/posts\/738467\/revisions\/738468"}],"wp:attachment":[{"href":"https:\/\/www.redatea.net\/index.php\/wp-json\/wp\/v2\/media?parent=738467"}],"wp:term":[{"taxonomy":"category","embeddable":true,"href":"https:\/\/www.redatea.net\/index.php\/wp-json\/wp\/v2\/categories?post=738467"},{"taxonomy":"post_tag","embeddable":true,"href":"https:\/\/www.redatea.net\/index.php\/wp-json\/wp\/v2\/tags?post=738467"}],"curies":[{"name":"wp","href":"https:\/\/api.w.org\/{rel}","templated":true}]}}