{"id":738471,"date":"2025-12-26T18:54:06","date_gmt":"2025-12-26T17:54:06","guid":{"rendered":"https:\/\/magonia.com\/?p=43257"},"modified":"2025-12-26T18:54:06","modified_gmt":"2025-12-26T17:54:06","slug":"la-noche-espanola-de-las-cucharas-rotas","status":"publish","type":"post","link":"https:\/\/magonia.com\/2025\/12\/26\/la-noche-espanola-de-las-cucharas-rotas\/","title":{"rendered":"La noche espa\u00f1ola de las cucharas rotas"},"content":{"rendered":"\n<figure class=\"wp-block-image size-large\"><img loading=\"lazy\" decoding=\"async\" width=\"1024\" height=\"572\" src=\"https:\/\/magonia.com\/wp-content\/uploads\/2019\/04\/jose-maria-inigo-uri-geller-1024x572.jpg\" alt=\"Uri Geller con Jos\u00e9 Mar\u00eda \u00cd\u00f1igo, en 'Direct\u00edsimo' el 6 de septiembre de 1975. Foto: TVE.\" class=\"wp-image-28431\" srcset=\"https:\/\/magonia.com\/wp-content\/uploads\/2019\/04\/jose-maria-inigo-uri-geller-1024x572.jpg 1024w, https:\/\/magonia.com\/wp-content\/uploads\/2019\/04\/jose-maria-inigo-uri-geller-300x168.jpg 300w, https:\/\/magonia.com\/wp-content\/uploads\/2019\/04\/jose-maria-inigo-uri-geller-768x429.jpg 768w, https:\/\/magonia.com\/wp-content\/uploads\/2019\/04\/jose-maria-inigo-uri-geller.jpg 1400w\" sizes=\"(max-width: 1024px) 100vw, 1024px\" \/><figcaption class=\"wp-element-caption\">Uri Geller con Jos\u00e9 Mar\u00eda \u00cd\u00f1igo, en &#8216;Direct\u00edsimo&#8217; el 6 de septiembre de 1975. Foto: TVE.<\/figcaption><\/figure>\n\n\n\n<p>\u00abEl viernes \u00faltimo, pocos hab\u00edan o\u00eddo hablar de Uri Geller. El domingo y ayer, no se hablaba en los hogares espa\u00f1oles m\u00e1s que de los asombrosos experimentos que este israel\u00ed de veintiocho a\u00f1os realiz\u00f3, en colaboraci\u00f3n con millares de telespectadores, ante las pantallas de televisi\u00f3n\u00bb, dec\u00eda el diario madrile\u00f1o <em>Abc<\/em> el martes 9 de septiembre de 1975 (Redacci\u00f3n 1975). La primera actuaci\u00f3n de Uri Geller en Espa\u00f1a, el s\u00e1bado 6 de septiembre de 1975, forma parte de la historia pop del pa\u00eds.<\/p>\n\n\n\n<p>Comienzo del art\u00edculo publicado en&nbsp;<a href=\"https:\/\/skepticalinquirer.org\/category\/paparruchas\/\"  rel=\"noreferrer noopener\">\u00ab\u00a1Paparruchas!\u00bb<\/a>, en la web del&nbsp;<strong><a href=\"https:\/\/skepticalinquirer.org\/\"  rel=\"noreferrer noopener\">Comit\u00e9 para la Investigaci\u00f3n Esc\u00e9ptica (CSI)<\/a><\/strong>, el 26 de diciembre de 2025.<\/p>\n\n\n\n<p>Sigue en&nbsp;<strong><a href=\"https:\/\/skepticalinquirer.org\/exclusive\/la-noche-espanola-de-las-cucharas-rotas\/\"  rel=\"noreferrer noopener\">\u00abLa noche espa\u00f1ola de las cucharas rotas\u00bb<\/a><\/strong>.<\/p>\n\n\n\n<p><\/p>\n","protected":false},"excerpt":{"rendered":"<p>\u00abEl viernes \u00faltimo, pocos hab\u00edan o\u00eddo hablar de Uri Geller. El domingo y ayer, no se hablaba en los hogares espa\u00f1oles m\u00e1s que de los asombrosos experimentos que este israel\u00ed de veintiocho a\u00f1os realiz\u00f3, en colaboraci\u00f3n con millares de telespectadores, ante las pantallas de televisi\u00f3n\u00bb, dec\u00eda el diario madrile\u00f1o Abc el martes 9 de septiembre [\u2026]<\/p>\n","protected":false},"author":198,"featured_media":0,"comment_status":"closed","ping_status":"open","sticky":false,"template":"","format":"standard","meta":{"footnotes":""},"categories":[2230,120,4,2248,2219,2229,2237,2243],"tags":[],"class_list":["post-738471","post","type-post","status-publish","format-standard","hentry","category-skeptical-inquirer","category-articulos","category-blogs-colaboradores","category-jose-maria-inigo","category-magonia","category-otros-medios","category-parapsicologia","category-uri-geller"],"_links":{"self":[{"href":"https:\/\/www.redatea.net\/index.php\/wp-json\/wp\/v2\/posts\/738471","targetHints":{"allow":["GET"]}}],"collection":[{"href":"https:\/\/www.redatea.net\/index.php\/wp-json\/wp\/v2\/posts"}],"about":[{"href":"https:\/\/www.redatea.net\/index.php\/wp-json\/wp\/v2\/types\/post"}],"author":[{"embeddable":true,"href":"https:\/\/www.redatea.net\/index.php\/wp-json\/wp\/v2\/users\/198"}],"replies":[{"embeddable":true,"href":"https:\/\/www.redatea.net\/index.php\/wp-json\/wp\/v2\/comments?post=738471"}],"version-history":[{"count":1,"href":"https:\/\/www.redatea.net\/index.php\/wp-json\/wp\/v2\/posts\/738471\/revisions"}],"predecessor-version":[{"id":738472,"href":"https:\/\/www.redatea.net\/index.php\/wp-json\/wp\/v2\/posts\/738471\/revisions\/738472"}],"wp:attachment":[{"href":"https:\/\/www.redatea.net\/index.php\/wp-json\/wp\/v2\/media?parent=738471"}],"wp:term":[{"taxonomy":"category","embeddable":true,"href":"https:\/\/www.redatea.net\/index.php\/wp-json\/wp\/v2\/categories?post=738471"},{"taxonomy":"post_tag","embeddable":true,"href":"https:\/\/www.redatea.net\/index.php\/wp-json\/wp\/v2\/tags?post=738471"}],"curies":[{"name":"wp","href":"https:\/\/api.w.org\/{rel}","templated":true}]}}