{"id":738479,"date":"2025-10-14T23:05:37","date_gmt":"2025-10-14T22:05:37","guid":{"rendered":"https:\/\/magonia.com\/?p=41822"},"modified":"2025-10-14T23:05:37","modified_gmt":"2025-10-14T22:05:37","slug":"juan-jose-benitez-y-los-extraterrestres-en-la-clave","status":"publish","type":"post","link":"https:\/\/magonia.com\/2025\/10\/15\/juan-jose-benitez-y-los-extraterrestres-en-la-clave\/","title":{"rendered":"Juan Jos\u00e9 Ben\u00edtez y los extraterrestres, en \u2018La clave\u2019"},"content":{"rendered":"\n<figure class=\"wp-block-image size-large\"><img loading=\"lazy\" decoding=\"async\" width=\"1024\" height=\"732\" src=\"https:\/\/magonia.com\/wp-content\/uploads\/2025\/09\/la-clave-extraterrestres--1024x732.jpg\" alt=\"Jos\u00e9 Luis Bab\u00edn, sobre un fotograma de 'Ultim\u00e1tum a la Tierra'.\" class=\"wp-image-41823\" srcset=\"https:\/\/magonia.com\/wp-content\/uploads\/2025\/09\/la-clave-extraterrestres--1024x732.jpg 1024w, https:\/\/magonia.com\/wp-content\/uploads\/2025\/09\/la-clave-extraterrestres--300x215.jpg 300w, https:\/\/magonia.com\/wp-content\/uploads\/2025\/09\/la-clave-extraterrestres--768x549.jpg 768w, https:\/\/magonia.com\/wp-content\/uploads\/2025\/09\/la-clave-extraterrestres-.jpg 1400w\" sizes=\"(max-width: 1024px) 100vw, 1024px\" \/><figcaption class=\"wp-element-caption\">Jos\u00e9 Luis Bab\u00edn, sobre un fotograma de &#8216;Ultim\u00e1tum a la Tierra&#8217;.<\/figcaption><\/figure>\n\n\n\n<p>El periodista <a href=\"https:\/\/magonia.com\/vendedores-de-misterios\/juan-jose-benitez\/\"  rel=\"noreferrer noopener\">Juan Jos\u00e9 Ben\u00edtez<\/a> hizo un revelaci\u00f3n extraordinaria el 8 de febrero de 1976 en el programa <em>La clave<\/em>, del segundo canal de TVE. Dijo que su peri\u00f3dico, <em>La Gaceta del Norte<\/em>, ten\u00eda fotos que demostraban que los ovnis eran naves extraterrestres. Las hab\u00edan sacado en Canarias, el 23 de octubre de 1975, \u00abunos cient\u00edficos\u00bb que hab\u00edan concertado un encuentro con los tripulantes de esas \u00abastronaves\u00bb. Los testigos, a\u00f1adi\u00f3, eran de \u00abtoda confianza\u00bb: un astr\u00f3nomo, ingenieros inform\u00e1ticos y electr\u00f3nicos, fot\u00f3grafos, m\u00e9dicos\u2026 \u00c9l hab\u00eda visto las fotos. \u00abEst\u00e1n en poder de mi peri\u00f3dico, en los archivos, y pueden disponer de ellas si mi peri\u00f3dico lo autoriza, por supuesto, en cualquier momento\u00bb, invit\u00f3 a los participantes en el programa.<\/p>\n\n\n\n<p>Dirigida y presentada por Jos\u00e9 Luis Balb\u00edn, <em>La clave <\/em>se dedicaba cada semana a un tema de actualidad sobre el que se emit\u00eda una pel\u00edcula y despu\u00e9s hab\u00eda un coloquio. Aquella noche, el tema era \u00abLos extraterrestres\u00bb; la pel\u00edcula, <em><a href=\"https:\/\/magonia.com\/2008\/12\/12\/ultimatum-la-tierra-dia-jesus-llego-marte\/\"  rel=\"noreferrer noopener\">Ultim\u00e1tum a la Tierra<\/a><\/em> (1951), de Robert Wise; y los invitados, John L. Acuff, Juan Jos\u00e9 Ben\u00edtez, Jos\u00e9 Mar\u00eda Casas-Huguet, <a href=\"https:\/\/magonia.com\/2004\/02\/14\/los-marcianos-antonio-ribera\/\"  rel=\"noreferrer noopener\">Antonio Ribera<\/a>, <a href=\"https:\/\/magonia.com\/2008\/08\/08\/los-extraterrestres-mas-espanoles\/\"  rel=\"noreferrer noopener\">Fernando Sesma<\/a> y <a href=\"https:\/\/magonia.com\/tag\/erich-von-daniken\/\"  rel=\"noreferrer noopener\">Erich von D\u00e4niken<\/a>. Tres uf\u00f3logos (Acuff, Casas-Huguets y Ribera), un periodista que escrib\u00eda reportajes sobre platillos volantes (Ben\u00edtez), un contactado (Sesma) y un autor de \u00e9xito que defend\u00eda que toda gran obra de una cultura antigua no europea se hab\u00eda hecho con ayuda extraterrestre (Von D\u00e4niken).&nbsp;<\/p>\n\n\n\n<p>No hab\u00eda ning\u00fan esc\u00e9ptico en el plat\u00f3 porque, por aquel entonces, nadie abogaba en Espa\u00f1a por el an\u00e1lisis cr\u00edtico de las afirmaciones de lo paranormal.&nbsp; Los m\u00e1s pr\u00f3ximos a una postura racional eran Acuff y Casas-Huguet, pero ambos eran uf\u00f3logos creyentes: el primero dirig\u00eda el Comit\u00e9 Nacional de Investigaciones sobre Fen\u00f3menos A\u00e9reos (NICAP) estadounidense y el segundo presid\u00eda el Centro de Estudios Interplanetarios (CEI) espa\u00f1ol.<\/p>\n\n\n\n<p>La primera vez que Ben\u00edtez sac\u00f3 a colaci\u00f3n las fotos canarias, la conversaci\u00f3n deriv\u00f3 por otros derroteros. Pero, en cuanto tuvo oportunidad, el reportero insisti\u00f3 en que los citados \u00abcient\u00edficos\u00bb hab\u00edan fotografiado en Canarias \u00abcon un material muy costoso, muy variado\u00bb, c\u00f3mo \u00abdel mar apareci\u00f3 algo\u00bb en respuesta una cita concertada con los visitantes, no especific\u00f3 mediante qu\u00e9 sistema. Cuando Ribera le indic\u00f3 que en aquel momento estaban hablando de si exist\u00edan fotos de extraterrestres, Ben\u00edtez dijo: \u00abYo tengo constancia de que en mi peri\u00f3dico hay tres fotograf\u00edas concretas que pueden ser consultadas\u00bb.<\/p>\n\n\n\n<p>\u00abSi tiene fotograf\u00edas de seres extraterrestres que sean irrefutables, que no se puedan negar, que sean buenas fotograf\u00edas, usted tiene el mejor reportaje desde que Jesucristo vino a la Tierra\u00bb, coment\u00f3 Acuff. Y pregunt\u00f3: \u00ab\u00bfPor qu\u00e9 no se ha publicado [esa historia] en todo el mundo? \u00bfPor qu\u00e9 est\u00e1 su peri\u00f3dico sentado encima del reportaje m\u00e1s importante de la historia?\u00bb. Ben\u00edtez dijo entonces que las fotos eran \u00abmuy recientes\u00bb y que hab\u00edan sido analizadas en Madrid con resultados \u00abaltamente positivos\u00bb, pero que su peri\u00f3dico era \u00abmuy serio\u00bb y se pronunciar\u00eda \u00abdefinitivamente\u00bb cuando tuviera \u00ablas m\u00e1ximas garant\u00edas\u00bb. \u00abLo que yo estoy diciendo -precis\u00f3- es que tenemos tres fotograf\u00edas que consideramos que pudieran ser de seres extraterrestres, en pleno proceso de investigaci\u00f3n. La procedencia es para nosotros de absoluta seguridad\u00bb. De las fotos de marras, nunca m\u00e1s se supo.&nbsp;<\/p>\n\n\n\n<p>La carrera ufol\u00f3gica de Ben\u00edtez ha sido una sucesi\u00f3n de afirmaciones asombrosas, seguidas, en cuanto se le han pedido pruebas, de recogidas de velas no menos asombrosas. Lleva diciendo tiene pruebas de que los ovnis son naves extraterrestres desde que en 1975 vio algo raro en el cielo de Per\u00fa durante una excursi\u00f3n nocturna con <a href=\"https:\/\/magonia.com\/2009\/08\/21\/mision-salvar-la-humanidad\/\"  rel=\"noreferrer noopener\">un grupo de iluminados que dec\u00eda estar en contacto con extraterrestres<\/a> de Ganimedes, Marte, Calisto, Europa y otros mundos. Contactados como los que disfrazaba de cient\u00edficos en el coloquio de <em>La clave<\/em>. Cincuenta a\u00f1os han pasado y Ben\u00edtez sigue sin ense\u00f1ar las pruebas. Si alguien cree que en su pr\u00f3ximo libro, <em>Est\u00e1n aqu\u00ed<\/em> (2025), va a hacer alguna revelaci\u00f3n con un m\u00ednimo fundamento, su ingenuidad merece premio.<\/p>\n\n\n\n<p>Nota publicada en <em><strong>Magonia<\/strong><\/em> el 15 de octubre de 2025.<\/p>\n","protected":false},"excerpt":{"rendered":"<p>El periodista Juan Jos\u00e9 Ben\u00edtez hizo un revelaci\u00f3n extraordinaria el 8 de febrero de 1976 en el programa La clave, del segundo canal de TVE. Dijo que su peri\u00f3dico, La Gaceta del Norte, ten\u00eda fotos que demostraban que los ovnis eran naves extraterrestres. Las hab\u00edan sacado en Canarias, el 23 de octubre de 1975, \u00abunos [\u2026]<\/p>\n","protected":false},"author":198,"featured_media":0,"comment_status":"closed","ping_status":"open","sticky":false,"template":"","format":"standard","meta":{"footnotes":""},"categories":[2259,120,4,2260,2261,2258,2262,2219,2215,2263],"tags":[],"class_list":["post-738479","post","type-post","status-publish","format-standard","hentry","category-antonio-ribera","category-articulos","category-blogs-colaboradores","category-john-l-acuff","category-jose-luis-ballbin","category-juan-jose-benitez","category-la-clave","category-magonia","category-ovnis-y-extraterrestres","category-ultimatum-a-la-tierra"],"_links":{"self":[{"href":"https:\/\/www.redatea.net\/index.php\/wp-json\/wp\/v2\/posts\/738479","targetHints":{"allow":["GET"]}}],"collection":[{"href":"https:\/\/www.redatea.net\/index.php\/wp-json\/wp\/v2\/posts"}],"about":[{"href":"https:\/\/www.redatea.net\/index.php\/wp-json\/wp\/v2\/types\/post"}],"author":[{"embeddable":true,"href":"https:\/\/www.redatea.net\/index.php\/wp-json\/wp\/v2\/users\/198"}],"replies":[{"embeddable":true,"href":"https:\/\/www.redatea.net\/index.php\/wp-json\/wp\/v2\/comments?post=738479"}],"version-history":[{"count":1,"href":"https:\/\/www.redatea.net\/index.php\/wp-json\/wp\/v2\/posts\/738479\/revisions"}],"predecessor-version":[{"id":738480,"href":"https:\/\/www.redatea.net\/index.php\/wp-json\/wp\/v2\/posts\/738479\/revisions\/738480"}],"wp:attachment":[{"href":"https:\/\/www.redatea.net\/index.php\/wp-json\/wp\/v2\/media?parent=738479"}],"wp:term":[{"taxonomy":"category","embeddable":true,"href":"https:\/\/www.redatea.net\/index.php\/wp-json\/wp\/v2\/categories?post=738479"},{"taxonomy":"post_tag","embeddable":true,"href":"https:\/\/www.redatea.net\/index.php\/wp-json\/wp\/v2\/tags?post=738479"}],"curies":[{"name":"wp","href":"https:\/\/api.w.org\/{rel}","templated":true}]}}