{"id":738571,"date":"2014-02-13T10:12:00","date_gmt":"2014-02-13T09:12:00","guid":{"rendered":"http:\/\/www.redatea.net\/?guid=a293ee5b32bbdfd8c107635c13c20cae"},"modified":"2014-02-14T10:55:27","modified_gmt":"2014-02-14T09:55:27","slug":"como-cambio-con-darwin-nuestra-vision-del-mundo-2","status":"publish","type":"post","link":"http:\/\/abordodelottoneurath.blogspot.com\/2014\/02\/como-cambio-con-darwin-nuestra-vision.html","title":{"rendered":"C\u00f3mo cambi\u00f3 con Darwin nuestra visi\u00f3n del mundo"},"content":{"rendered":"Reproduzco el <a href=\"http:\/\/divulgauned.es\/como-cambio-con-darwin-nuestra-vision-del-mundo\/\" >articul\u00edn <\/a>(\u00a1que no me entere yo de que ese <a href=\"http:\/\/divulgauned.es\/como-cambio-con-darwin-nuestra-vision-del-mundo\/\" >articulito <\/a>pasa hambre!) que me sacaron ayer en <a href=\"http:\/\/divulgauned.es\/como-cambio-con-darwin-nuestra-vision-del-mundo\/\" >DivulgaUNED<\/a>, con motivo del aniversario de Darwin.<br \/>\n.<br \/>\n<div style=\"background-color: white; border: 0px; font-family: Arial, Helvetica, sans-serif; font-size: 12px; line-height: 19.200000762939453px; margin-bottom: 10px; padding: 0px; vertical-align: baseline;\">\n<a href=\"https:\/\/blogger.googleusercontent.com\/img\/b\/R29vZ2xl\/AVvXsEiBnIiGjUSFZxErCCNkD4_TVKS_AjtTcdmcuoShaRCUKCt41__oOVHG_Mr1L0Fh3MY1E7N2BOPY-HsaT4Bem9Zby3qWEaXzglItCNQGCxNYzowF22KS8mzFWx65xFLQWVZ9v6TyLBrIt0KJ\/s1600\/darwin_superhero.jpg\" imageanchor=\"1\" style=\"clear: left; float: left; margin-bottom: 1em; margin-right: 1em;\"><img border=\"0\" src=\"https:\/\/blogger.googleusercontent.com\/img\/b\/R29vZ2xl\/AVvXsEiBnIiGjUSFZxErCCNkD4_TVKS_AjtTcdmcuoShaRCUKCt41__oOVHG_Mr1L0Fh3MY1E7N2BOPY-HsaT4Bem9Zby3qWEaXzglItCNQGCxNYzowF22KS8mzFWx65xFLQWVZ9v6TyLBrIt0KJ\/s1600\/darwin_superhero.jpg\" height=\"235\" width=\"400\" \/><\/a><a href=\"https:\/\/blogger.googleusercontent.com\/img\/b\/R29vZ2xl\/AVvXsEiBnIiGjUSFZxErCCNkD4_TVKS_AjtTcdmcuoShaRCUKCt41__oOVHG_Mr1L0Fh3MY1E7N2BOPY-HsaT4Bem9Zby3qWEaXzglItCNQGCxNYzowF22KS8mzFWx65xFLQWVZ9v6TyLBrIt0KJ\/s1600\/darwin_superhero.jpg\" imageanchor=\"1\" style=\"clear: left; float: left; margin-bottom: 1em; margin-right: 1em;\"><br \/><\/a><a href=\"https:\/\/blogger.googleusercontent.com\/img\/b\/R29vZ2xl\/AVvXsEiBnIiGjUSFZxErCCNkD4_TVKS_AjtTcdmcuoShaRCUKCt41__oOVHG_Mr1L0Fh3MY1E7N2BOPY-HsaT4Bem9Zby3qWEaXzglItCNQGCxNYzowF22KS8mzFWx65xFLQWVZ9v6TyLBrIt0KJ\/s1600\/darwin_superhero.jpg\" imageanchor=\"1\" style=\"clear: left; float: left; margin-bottom: 1em; margin-right: 1em;\"><br \/><\/a><\/div>\nLa concepci\u00f3n del mundo que nuestros antepasados ten\u00edan durante la Edad Media y la Antig\u00fcedad entend\u00eda la historia universal como un relato, cuyos protagonistas eran los seres humanos (por supuesto, algunos m\u00e1s que otros) y ciertos seres sobrenaturales, que cambiaban seg\u00fan la religi\u00f3n de cada grupo o sociedad. La naturaleza ser\u00eda, en esa concepci\u00f3n, poco m\u00e1s que un mero escenario de la tragedia o tragicomedia en la que consist\u00eda la historia humana, un escenario construido por dios o por los dioses seg\u00fan el plan de la obra que se representaba en \u00e9l.<br \/>\nEn la Edad Moderna, esta concepci\u00f3n se fue modificando hasta comprender la naturaleza como un sistema que obedec\u00eda ciegamente, pero de forma determinista, un pu\u00f1ado de leyes, seguramente establecidas por dios en la creaci\u00f3n del universo, y que el ser humano era capaz de descubrir mediante su raz\u00f3n. Este elemento, la raz\u00f3n era lo \u00fanico que pod\u00eda verse como algo no natural, y que segu\u00eda conectando al hombre con una realidad trascendente; algo que segu\u00eda, por lo tanto, estableciendo un sentido a la existencia y a la historia humana, aunque dicho sentido ya no pudiera ser considerado como un relato literario al modo de los mitos cl\u00e1sicos o medievales sino, m\u00e1s bien, como alg\u00fan otro tipo de f\u00f3rmula filos\u00f3fica.<br \/>\nEl descubrimiento darwiniano de la evoluci\u00f3n mediante selecci\u00f3n natural fue el golpe de gracia a estas cosmovisiones: independientemente de si el origen del universo y de sus leyes son o dejan de ser fruto de una mente divina (algo que la ciencia y la filosof\u00eda han terminado considerando b\u00e1sicamente indemostrable), el caso es que la evoluci\u00f3n del hombre hay que dejar de verla como resultado de un \u201cplan\u201d, y nuestra racionalidad hay que comprenderla como una mera capacidad biol\u00f3gica m\u00e1s, desarrollada por modificaci\u00f3n y selecci\u00f3n a partir de las capacidades de nuestros antepasados no humanos.<br \/>\nEn cierto sentido, la aceptaci\u00f3n de la teor\u00eda de Darwin (y no la mera llegada de la Ilustraci\u00f3n, como quer\u00eda el fil\u00f3sofo Immanuel Kant) es lo que ha supuesto verdaderamente la entrada de la especie humana en su mayor\u00eda de edad, al hacernos comprender que no tenemos a nadie que nos lleve de la mano, ni hay un plan trascendente ni sobrenatural marcado en ning\u00fan sitio (o en un no-sitio) que establezca ad\u00f3nde tenemos que llegar y por d\u00f3nde tenemos que ir, sino que estamos completamente solos en la naturaleza (salvo el resto de la naturaleza, animales y plantas incluidas, por supuesto), y todo lo que hagamos es pura responsabilidad nuestra. Pero, sobre todo, que no hay nadie m\u00e1s que nosotros para juzgar nuestras acciones. La historia, ni la humana ni la natural, no tiene algo as\u00ed como un sentido, y hemos de acostumbrarnos a vivir con esa nueva certeza.<div class=\"blogger-post-footer\">Enr\u00f3late en el <i>Otto Neurath<\/i><\/div>","protected":false},"excerpt":{"rendered":"<p>Reproduzco el articul\u00edn (\u00a1que no me entere yo de que ese articulito pasa hambre!) que me sacaron ayer en DivulgaUNED, con motivo del aniversario de Darwin.<br \/>\n.<\/p>\n<p>La concepci\u00f3n del mundo que nuestros antepasados ten\u00edan durante la Edad Media y la Antig\u00fceda&#8230;<\/p>\n","protected":false},"author":188,"featured_media":0,"comment_status":"closed","ping_status":"open","sticky":false,"template":"","format":"standard","meta":{"footnotes":""},"categories":[143,4,55,254,23],"tags":[],"class_list":["post-738571","post","type-post","status-publish","format-standard","hentry","category-biologia","category-blogs-colaboradores","category-etica","category-metafisica","category-religion"],"_links":{"self":[{"href":"https:\/\/www.redatea.net\/index.php\/wp-json\/wp\/v2\/posts\/738571","targetHints":{"allow":["GET"]}}],"collection":[{"href":"https:\/\/www.redatea.net\/index.php\/wp-json\/wp\/v2\/posts"}],"about":[{"href":"https:\/\/www.redatea.net\/index.php\/wp-json\/wp\/v2\/types\/post"}],"author":[{"embeddable":true,"href":"https:\/\/www.redatea.net\/index.php\/wp-json\/wp\/v2\/users\/188"}],"replies":[{"embeddable":true,"href":"https:\/\/www.redatea.net\/index.php\/wp-json\/wp\/v2\/comments?post=738571"}],"version-history":[{"count":1,"href":"https:\/\/www.redatea.net\/index.php\/wp-json\/wp\/v2\/posts\/738571\/revisions"}],"predecessor-version":[{"id":738572,"href":"https:\/\/www.redatea.net\/index.php\/wp-json\/wp\/v2\/posts\/738571\/revisions\/738572"}],"wp:attachment":[{"href":"https:\/\/www.redatea.net\/index.php\/wp-json\/wp\/v2\/media?parent=738571"}],"wp:term":[{"taxonomy":"category","embeddable":true,"href":"https:\/\/www.redatea.net\/index.php\/wp-json\/wp\/v2\/categories?post=738571"},{"taxonomy":"post_tag","embeddable":true,"href":"https:\/\/www.redatea.net\/index.php\/wp-json\/wp\/v2\/tags?post=738571"}],"curies":[{"name":"wp","href":"https:\/\/api.w.org\/{rel}","templated":true}]}}