{"id":738579,"date":"2013-10-11T09:59:00","date_gmt":"2013-10-11T08:59:00","guid":{"rendered":"http:\/\/www.redatea.net\/?guid=eab374d5a9f1a286b62a6253cceec522"},"modified":"2013-10-30T09:27:53","modified_gmt":"2013-10-30T08:27:53","slug":"requiem-por-la-filosofia-2","status":"publish","type":"post","link":"http:\/\/abordodelottoneurath.blogspot.com\/2013\/10\/requiem-por-la-filosofia.html","title":{"rendered":"REQUIEM POR LA FILOSOF\u00cdA"},"content":{"rendered":"<div class=\"separator\" style=\"clear: both; text-align: center;\">\n<a href=\"https:\/\/blogger.googleusercontent.com\/img\/b\/R29vZ2xl\/AVvXsEiKu9BF5ukBDNo8wOeUVMLYE45Va_kUZVGrZkRgdnUWwUsC3wc0K9aa6u7lKQXhSs0gC_1UfwLQN8QJkI15MlTRduzyj4Fx5WexcW7ycP3GK88_Kqie14t5BIasdOA0UNK1uFhQ4yvOWn0K\/s1600\/Caricatura-de-Jose-Ignacio-Wert-600x550.jpg\" imageanchor=\"1\" style=\"clear: left; float: left; margin-bottom: 1em; margin-right: 1em;\"><img border=\"0\" height=\"183\" src=\"https:\/\/blogger.googleusercontent.com\/img\/b\/R29vZ2xl\/AVvXsEiKu9BF5ukBDNo8wOeUVMLYE45Va_kUZVGrZkRgdnUWwUsC3wc0K9aa6u7lKQXhSs0gC_1UfwLQN8QJkI15MlTRduzyj4Fx5WexcW7ycP3GK88_Kqie14t5BIasdOA0UNK1uFhQ4yvOWn0K\/s200\/Caricatura-de-Jose-Ignacio-Wert-600x550.jpg\" width=\"200\" \/><\/a><\/div>\n.<br \/>\n.<br \/>\nDe la mano de Wert el Enterrador, se acaba de proceder al doloroso sepelio de (lo que quedaba de) la filosof\u00eda, la educaci\u00f3n c\u00edvica y la reflexi\u00f3n cr\u00edtica en la ense\u00f1anza secundaria espa\u00f1ola.<br \/>\n.<br \/>\nDescanse en Paz.<br \/>\n.<br \/>\n<div class=\"separator\" style=\"clear: both; text-align: center;\">\n<a href=\"https:\/\/blogger.googleusercontent.com\/img\/b\/R29vZ2xl\/AVvXsEgkbLuv1CQWUjekpJWR9ZFHFvmVtrMs4pVt1qqiKdGENMluGWARWWs2S9VmqzsK1sMdwMANmNiNDPAy3gaEZi7UrIpGQYCYKzCO7gEKLRheMy9BOkya8-_RgSv6Wz-BNDbjV46T5pzdhWfz\/s1600\/Land_with_Owl__Grave__Coffin_by_Miciap.jpg\" imageanchor=\"1\" style=\"margin-left: 1em; margin-right: 1em;\"><img border=\"0\" height=\"521\" src=\"https:\/\/blogger.googleusercontent.com\/img\/b\/R29vZ2xl\/AVvXsEgkbLuv1CQWUjekpJWR9ZFHFvmVtrMs4pVt1qqiKdGENMluGWARWWs2S9VmqzsK1sMdwMANmNiNDPAy3gaEZi7UrIpGQYCYKzCO7gEKLRheMy9BOkya8-_RgSv6Wz-BNDbjV46T5pzdhWfz\/s640\/Land_with_Owl__Grave__Coffin_by_Miciap.jpg\" width=\"640\" \/><\/a><\/div>\n.<br \/>\n.<br \/>\n.<br \/>\n.<br \/>\n<br \/>\n<a href=\"http:\/\/www.change.org\/es\/peticiones\/sandra-moneo-y-eugenio-nasarre-representantes-del-pp-en-la-comisi%C3%B3n-de-educaci%C3%B3n-del-congreso-de-los-diputados-cumplan-su-palabra-hagan-enmiendas-a-la-lomce-para-garantizar-que-la-%C3%A9tica-4o-eso-filosof%C3%ADa-1o-bachillerato-y-la-historia-de-la-filosof\" >M\u00e1s<\/a><br \/>\n<a href=\"http:\/\/redfilosofia.es\/blog\/2013\/10\/04\/una-iniciativa-en-defensa-de-la-filosofia\/\" >Y m\u00e1s<\/a><br \/>\n<a href=\"http:\/\/www.safil.info\/firma-en-defensa-de-la-filosofia-firmalo-difundelo\/\" >Y todav\u00eda m\u00e1s<\/a><br \/>\n<br \/><div class=\"blogger-post-footer\">Enr\u00f3late en el <i>Otto Neurath<\/i><\/div>","protected":false},"excerpt":{"rendered":"<p>.<br \/>\n.<br \/>\nDe la mano de Wert el Enterrador, se acaba de proceder al doloroso sepelio de (lo que quedaba de) la filosof\u00eda, la educaci\u00f3n c\u00edvica y la reflexi\u00f3n cr\u00edtica en la ense\u00f1anza secundaria espa\u00f1ola.<br \/>\n.<br \/>\nDescanse en Paz.<br \/>\n.<\/p>\n<p>.<br \/>\n.<br \/>\n.<br \/>\n.<\/p>\n<p>M\u00e1s<br \/>\nY m\u00e1s<br \/>\nY todav\u00eda m\u00e1&#8230;<\/p>\n","protected":false},"author":188,"featured_media":0,"comment_status":"closed","ping_status":"open","sticky":false,"template":"","format":"standard","meta":{"footnotes":""},"categories":[4,259,55,23],"tags":[18],"class_list":["post-738579","post","type-post","status-publish","format-standard","hentry","category-blogs-colaboradores","category-educacion","category-etica","category-religion","tag-filosofia"],"_links":{"self":[{"href":"https:\/\/www.redatea.net\/index.php\/wp-json\/wp\/v2\/posts\/738579","targetHints":{"allow":["GET"]}}],"collection":[{"href":"https:\/\/www.redatea.net\/index.php\/wp-json\/wp\/v2\/posts"}],"about":[{"href":"https:\/\/www.redatea.net\/index.php\/wp-json\/wp\/v2\/types\/post"}],"author":[{"embeddable":true,"href":"https:\/\/www.redatea.net\/index.php\/wp-json\/wp\/v2\/users\/188"}],"replies":[{"embeddable":true,"href":"https:\/\/www.redatea.net\/index.php\/wp-json\/wp\/v2\/comments?post=738579"}],"version-history":[{"count":1,"href":"https:\/\/www.redatea.net\/index.php\/wp-json\/wp\/v2\/posts\/738579\/revisions"}],"predecessor-version":[{"id":738580,"href":"https:\/\/www.redatea.net\/index.php\/wp-json\/wp\/v2\/posts\/738579\/revisions\/738580"}],"wp:attachment":[{"href":"https:\/\/www.redatea.net\/index.php\/wp-json\/wp\/v2\/media?parent=738579"}],"wp:term":[{"taxonomy":"category","embeddable":true,"href":"https:\/\/www.redatea.net\/index.php\/wp-json\/wp\/v2\/categories?post=738579"},{"taxonomy":"post_tag","embeddable":true,"href":"https:\/\/www.redatea.net\/index.php\/wp-json\/wp\/v2\/tags?post=738579"}],"curies":[{"name":"wp","href":"https:\/\/api.w.org\/{rel}","templated":true}]}}