{"id":739190,"date":"2026-08-08T15:20:08","date_gmt":"2026-08-08T14:20:08","guid":{"rendered":"http:\/\/acracia.org\/?p=9384"},"modified":"2026-08-08T15:20:08","modified_gmt":"2026-08-08T14:20:08","slug":"entrevista-a-santiago-sierra-simbolo-anarquista","status":"publish","type":"post","link":"https:\/\/acracia.org\/entrevista-a-santiago-sierra-simbolo-anarquista\/","title":{"rendered":"Entrevista a Santiago Sierra: \u00abS\u00edmbolo Anarquista\u00bb"},"content":{"rendered":"<p>Sim\u00f3n Royo Hern\u00e1ndez y Jacinto Ceacero Entrevista publicada en Redes Libertarias n\u00fam. 5 (primavera 2026) Santiago Sierra (Madrid, 1966) es un artista conceptual contempor\u00e1neo, representado en Espa\u00f1a por la galer\u00eda &#8230; <a href=\"https:\/\/acracia.org\/entrevista-a-santiago-sierra-simbolo-anarquista\/\" class=\"more-link\">Seguir leyendo <span class=\"screen-reader-text\">Entrevista a Santiago Sierra: \u00abS\u00edmbolo Anarquista\u00bb<\/span> <span class=\"meta-nav\">&#8594;<\/span><\/a><\/p>\n<p>La entrada <a rel=\"nofollow\" href=\"https:\/\/acracia.org\/entrevista-a-santiago-sierra-simbolo-anarquista\/\">Entrevista a Santiago Sierra: \u00abS\u00edmbolo Anarquista\u00bb<\/a> aparece primero en <a rel=\"nofollow\" href=\"https:\/\/acracia.org\/\">Acracia<\/a>.<\/p>\n","protected":false},"excerpt":{"rendered":"<p>Sim\u00f3n Royo Hern\u00e1ndez y Jacinto Ceacero Entrevista publicada en Redes Libertarias n\u00fam. 5 (primavera 2026) Santiago Sierra (Madrid, 1966) es un artista conceptual contempor\u00e1neo, representado en Espa\u00f1a por la galer\u00eda &#8230; Seguir leyendo Entrevista a Sa&#8230;<\/p>\n","protected":false},"author":197,"featured_media":0,"comment_status":"closed","ping_status":"open","sticky":false,"template":"","format":"standard","meta":{"footnotes":""},"categories":[1312,2182,4,2175,2335],"tags":[],"class_list":["post-739190","post","type-post","status-publish","format-standard","hentry","category-arte","category-arte-ciencia-y-cultura","category-blogs-colaboradores","category-destacado","category-redes-libertarias"],"_links":{"self":[{"href":"https:\/\/www.redatea.net\/index.php\/wp-json\/wp\/v2\/posts\/739190","targetHints":{"allow":["GET"]}}],"collection":[{"href":"https:\/\/www.redatea.net\/index.php\/wp-json\/wp\/v2\/posts"}],"about":[{"href":"https:\/\/www.redatea.net\/index.php\/wp-json\/wp\/v2\/types\/post"}],"author":[{"embeddable":true,"href":"https:\/\/www.redatea.net\/index.php\/wp-json\/wp\/v2\/users\/197"}],"replies":[{"embeddable":true,"href":"https:\/\/www.redatea.net\/index.php\/wp-json\/wp\/v2\/comments?post=739190"}],"version-history":[{"count":2,"href":"https:\/\/www.redatea.net\/index.php\/wp-json\/wp\/v2\/posts\/739190\/revisions"}],"predecessor-version":[{"id":739192,"href":"https:\/\/www.redatea.net\/index.php\/wp-json\/wp\/v2\/posts\/739190\/revisions\/739192"}],"wp:attachment":[{"href":"https:\/\/www.redatea.net\/index.php\/wp-json\/wp\/v2\/media?parent=739190"}],"wp:term":[{"taxonomy":"category","embeddable":true,"href":"https:\/\/www.redatea.net\/index.php\/wp-json\/wp\/v2\/categories?post=739190"},{"taxonomy":"post_tag","embeddable":true,"href":"https:\/\/www.redatea.net\/index.php\/wp-json\/wp\/v2\/tags?post=739190"}],"curies":[{"name":"wp","href":"https:\/\/api.w.org\/{rel}","templated":true}]}}