{"id":739325,"date":"2026-08-30T10:54:09","date_gmt":"2026-08-30T09:54:09","guid":{"rendered":"http:\/\/acracia.org\/?p=9442"},"modified":"2026-08-30T10:54:09","modified_gmt":"2026-08-30T09:54:09","slug":"recordar-las-colectivizaciones-en-la-guerra-civil-espanola-1936-39","status":"publish","type":"post","link":"https:\/\/acracia.org\/recordar-las-colectivizaciones-en-la-guerra-civil-espanola-1936-39\/","title":{"rendered":"Recordar las colectivizaciones en la guerra civil espa\u00f1ola 1936-39"},"content":{"rendered":"<p>Felipe Aguado Hern\u00e1ndez Las historias de Espa\u00f1a de las primeras d\u00e9cadas del S. XX nos muestran un pa\u00eds, subdesarrollado. Su econom\u00eda era b\u00e1sicamente agr\u00edcola. Se contabilizan unos 4 millones y &#8230; <a href=\"https:\/\/acracia.org\/recordar-las-colectivizaciones-en-la-guerra-civil-espanola-1936-39\/\" class=\"more-link\">Seguir leyendo <span class=\"screen-reader-text\">Recordar las colectivizaciones en la guerra civil espa\u00f1ola 1936-39<\/span> <span class=\"meta-nav\">&#8594;<\/span><\/a><\/p>\n<p>La entrada <a rel=\"nofollow\" href=\"https:\/\/acracia.org\/recordar-las-colectivizaciones-en-la-guerra-civil-espanola-1936-39\/\">Recordar las colectivizaciones en la guerra civil espa\u00f1ola 1936-39<\/a> aparece primero en <a rel=\"nofollow\" href=\"https:\/\/acracia.org\/\">Acracia<\/a>.<\/p>\n","protected":false},"excerpt":{"rendered":"<p>Felipe Aguado Hern\u00e1ndez Las historias de Espa\u00f1a de las primeras d\u00e9cadas del S. XX nos muestran un pa\u00eds, subdesarrollado. Su econom\u00eda era b\u00e1sicamente agr\u00edcola. Se contabilizan unos 4 millones y \u2026 <a href=\"https:\/\/acracia.org\/recordar-las-colectivizaciones-en-la-guerra-civil-espanola-1936-39\/\" class=\"more-link\">Seguir leyendo <span class=\"screen-reader-text\">Recordar las colectivizaciones en la guerra civil espa\u00f1ola 1936-39<\/span> <span class=\"meta-nav\">?<\/span><\/a><\/p>\n<p>La entrada <a rel=\"nofollow\" href=\"https:\/\/acracia.org\/recordar-las-colectivizaciones-en-la-guerra-civil-espanola-1936-39\/\">Recordar las colectivizaciones en la guerra civil espa\u00f1ola 1936-39<\/a> aparece primero en <a rel=\"nofollow\" href=\"https:\/\/acracia.org\/\">Acracia<\/a>.<\/p>\n","protected":false},"author":197,"featured_media":0,"comment_status":"closed","ping_status":"open","sticky":false,"template":"","format":"standard","meta":{"footnotes":""},"categories":[2306,2181,4,2572,2573,2574,2175,2575,2576,2186,45],"tags":[],"class_list":["post-739325","post","type-post","status-publish","format-standard","hentry","category-anarquismo-en-espana","category-anarquismo-en-la-historia","category-blogs-colaboradores","category-cnt","category-colectividades-libertarias","category-confederacion-nacional-del-trabajo","category-destacado","category-fai","category-federacion-anarquista-iberica","category-guerra-civil-espanola","category-historia"],"_links":{"self":[{"href":"https:\/\/www.redatea.net\/index.php\/wp-json\/wp\/v2\/posts\/739325","targetHints":{"allow":["GET"]}}],"collection":[{"href":"https:\/\/www.redatea.net\/index.php\/wp-json\/wp\/v2\/posts"}],"about":[{"href":"https:\/\/www.redatea.net\/index.php\/wp-json\/wp\/v2\/types\/post"}],"author":[{"embeddable":true,"href":"https:\/\/www.redatea.net\/index.php\/wp-json\/wp\/v2\/users\/197"}],"replies":[{"embeddable":true,"href":"https:\/\/www.redatea.net\/index.php\/wp-json\/wp\/v2\/comments?post=739325"}],"version-history":[{"count":2,"href":"https:\/\/www.redatea.net\/index.php\/wp-json\/wp\/v2\/posts\/739325\/revisions"}],"predecessor-version":[{"id":739329,"href":"https:\/\/www.redatea.net\/index.php\/wp-json\/wp\/v2\/posts\/739325\/revisions\/739329"}],"wp:attachment":[{"href":"https:\/\/www.redatea.net\/index.php\/wp-json\/wp\/v2\/media?parent=739325"}],"wp:term":[{"taxonomy":"category","embeddable":true,"href":"https:\/\/www.redatea.net\/index.php\/wp-json\/wp\/v2\/categories?post=739325"},{"taxonomy":"post_tag","embeddable":true,"href":"https:\/\/www.redatea.net\/index.php\/wp-json\/wp\/v2\/tags?post=739325"}],"curies":[{"name":"wp","href":"https:\/\/api.w.org\/{rel}","templated":true}]}}