{"id":739330,"date":"2026-08-31T19:58:59","date_gmt":"2026-08-31T18:58:59","guid":{"rendered":"http:\/\/acracia.org\/?p=9446"},"modified":"2026-08-31T19:58:59","modified_gmt":"2026-08-31T18:58:59","slug":"quien-manda-aqui-un-libro-de-politica-para-peques","status":"publish","type":"post","link":"https:\/\/acracia.org\/quien-manda-aqui-un-libro-de-politica-para-peques\/","title":{"rendered":"\u00bfQui\u00e9n manda aqu\u00ed? Un libro de pol\u00edtica para peques"},"content":{"rendered":"<p>Elvira Mart\u00edn Contreras Rese\u00f1a publicada en Redes Libertarias n\u00fam. 5 (primavera 2026) Este \u00e1lbum ilustrado, creado por un colectivo de autores e ilustradores brasile\u00f1os del Estudio Rebimboca, propone una introducci\u00f3n &#8230; <a href=\"https:\/\/acracia.org\/quien-manda-aqui-un-libro-de-politica-para-peques\/\" class=\"more-link\">Seguir leyendo <span class=\"screen-reader-text\">\u00bfQui\u00e9n manda aqu\u00ed? Un libro de pol\u00edtica para peques<\/span> <span class=\"meta-nav\">&#8594;<\/span><\/a><\/p>\n<p>La entrada <a rel=\"nofollow\" href=\"https:\/\/acracia.org\/quien-manda-aqui-un-libro-de-politica-para-peques\/\">\u00bfQui\u00e9n manda aqu\u00ed? Un libro de pol\u00edtica para peques<\/a> aparece primero en <a rel=\"nofollow\" href=\"https:\/\/acracia.org\/\">Acracia<\/a>.<\/p>\n","protected":false},"excerpt":{"rendered":"<p>Elvira Mart\u00edn Contreras Rese\u00f1a publicada en Redes Libertarias n\u00fam. 5 (primavera 2026) Este \u00e1lbum ilustrado, creado por un colectivo de autores e ilustradores brasile\u00f1os del Estudio Rebimboca, propone una introducci\u00f3n \u2026 <a href=\"https:\/\/acracia.org\/quien-manda-aqui-un-libro-de-politica-para-peques\/\" class=\"more-link\">Seguir leyendo <span class=\"screen-reader-text\">\u00bfQui\u00e9n manda aqu\u00ed? Un libro de pol\u00edtica para peques<\/span> <span class=\"meta-nav\">?<\/span><\/a><\/p>\n<p>La entrada <a rel=\"nofollow\" href=\"https:\/\/acracia.org\/quien-manda-aqui-un-libro-de-politica-para-peques\/\">\u00bfQui\u00e9n manda aqu\u00ed? Un libro de pol\u00edtica para peques<\/a> aparece primero en <a rel=\"nofollow\" href=\"https:\/\/acracia.org\/\">Acracia<\/a>.<\/p>\n","protected":false},"author":197,"featured_media":0,"comment_status":"closed","ping_status":"open","sticky":false,"template":"","format":"standard","meta":{"footnotes":""},"categories":[4,2175,328,2577,243],"tags":[],"class_list":["post-739330","post","type-post","status-publish","format-standard","hentry","category-blogs-colaboradores","category-destacado","category-libros","category-ninos","category-politica"],"_links":{"self":[{"href":"https:\/\/www.redatea.net\/index.php\/wp-json\/wp\/v2\/posts\/739330","targetHints":{"allow":["GET"]}}],"collection":[{"href":"https:\/\/www.redatea.net\/index.php\/wp-json\/wp\/v2\/posts"}],"about":[{"href":"https:\/\/www.redatea.net\/index.php\/wp-json\/wp\/v2\/types\/post"}],"author":[{"embeddable":true,"href":"https:\/\/www.redatea.net\/index.php\/wp-json\/wp\/v2\/users\/197"}],"replies":[{"embeddable":true,"href":"https:\/\/www.redatea.net\/index.php\/wp-json\/wp\/v2\/comments?post=739330"}],"version-history":[{"count":1,"href":"https:\/\/www.redatea.net\/index.php\/wp-json\/wp\/v2\/posts\/739330\/revisions"}],"predecessor-version":[{"id":739331,"href":"https:\/\/www.redatea.net\/index.php\/wp-json\/wp\/v2\/posts\/739330\/revisions\/739331"}],"wp:attachment":[{"href":"https:\/\/www.redatea.net\/index.php\/wp-json\/wp\/v2\/media?parent=739330"}],"wp:term":[{"taxonomy":"category","embeddable":true,"href":"https:\/\/www.redatea.net\/index.php\/wp-json\/wp\/v2\/categories?post=739330"},{"taxonomy":"post_tag","embeddable":true,"href":"https:\/\/www.redatea.net\/index.php\/wp-json\/wp\/v2\/tags?post=739330"}],"curies":[{"name":"wp","href":"https:\/\/api.w.org\/{rel}","templated":true}]}}