{"id":739333,"date":"2026-09-01T20:24:04","date_gmt":"2026-09-01T19:24:04","guid":{"rendered":"http:\/\/acracia.org\/?p=9449"},"modified":"2026-09-01T20:24:04","modified_gmt":"2026-09-01T19:24:04","slug":"el-recrudecimiento-artificial-del-poder","status":"publish","type":"post","link":"https:\/\/acracia.org\/el-recrudecimiento-artificial-del-poder\/","title":{"rendered":"El recrudecimiento artificial del poder"},"content":{"rendered":"<p>\u00abSeguimos en el mismo sitio y no encontramos salida: no sabemos guiar el cortejo f\u00fanebre de lo real, del poder, de lo social mismo, implicado tambi\u00e9n en la depresi\u00f3n en &#8230; <a href=\"https:\/\/acracia.org\/el-recrudecimiento-artificial-del-poder\/\" class=\"more-link\">Seguir leyendo <span class=\"screen-reader-text\">El recrudecimiento artificial del poder<\/span> <span class=\"meta-nav\">&#8594;<\/span><\/a><\/p>\n<p>La entrada <a rel=\"nofollow\" href=\"https:\/\/acracia.org\/el-recrudecimiento-artificial-del-poder\/\">El recrudecimiento artificial del poder<\/a> aparece primero en <a rel=\"nofollow\" href=\"https:\/\/acracia.org\/\">Acracia<\/a>.<\/p>\n","protected":false},"excerpt":{"rendered":"<p>\u00abSeguimos en el mismo sitio y no encontramos salida: no sabemos guiar el cortejo f\u00fanebre de lo real, del poder, de lo social mismo, implicado tambi\u00e9n en la depresi\u00f3n en \u2026 <a href=\"https:\/\/acracia.org\/el-recrudecimiento-artificial-del-poder\/\" class=\"more-link\">Seguir leyendo <span class=\"screen-reader-text\">El recrudecimiento artificial del poder<\/span> <span class=\"meta-nav\">?<\/span><\/a><\/p>\n<p>La entrada <a rel=\"nofollow\" href=\"https:\/\/acracia.org\/el-recrudecimiento-artificial-del-poder\/\">El recrudecimiento artificial del poder<\/a> aparece primero en <a rel=\"nofollow\" href=\"https:\/\/acracia.org\/\">Acracia<\/a>.<\/p>\n","protected":false},"author":197,"featured_media":0,"comment_status":"closed","ping_status":"open","sticky":false,"template":"","format":"standard","meta":{"footnotes":""},"categories":[2193,2179,4,2477,2175,2289,2578,2478],"tags":[1795],"class_list":["post-739333","post","type-post","status-publish","format-standard","hentry","category-analisis","category-anarquismo-en-la-actualidad","category-blogs-colaboradores","category-control-social","category-destacado","category-inteligencia-artificial","category-nuevas-tecnologias","category-vigilancia","tag-software"],"_links":{"self":[{"href":"https:\/\/www.redatea.net\/index.php\/wp-json\/wp\/v2\/posts\/739333","targetHints":{"allow":["GET"]}}],"collection":[{"href":"https:\/\/www.redatea.net\/index.php\/wp-json\/wp\/v2\/posts"}],"about":[{"href":"https:\/\/www.redatea.net\/index.php\/wp-json\/wp\/v2\/types\/post"}],"author":[{"embeddable":true,"href":"https:\/\/www.redatea.net\/index.php\/wp-json\/wp\/v2\/users\/197"}],"replies":[{"embeddable":true,"href":"https:\/\/www.redatea.net\/index.php\/wp-json\/wp\/v2\/comments?post=739333"}],"version-history":[{"count":1,"href":"https:\/\/www.redatea.net\/index.php\/wp-json\/wp\/v2\/posts\/739333\/revisions"}],"predecessor-version":[{"id":739334,"href":"https:\/\/www.redatea.net\/index.php\/wp-json\/wp\/v2\/posts\/739333\/revisions\/739334"}],"wp:attachment":[{"href":"https:\/\/www.redatea.net\/index.php\/wp-json\/wp\/v2\/media?parent=739333"}],"wp:term":[{"taxonomy":"category","embeddable":true,"href":"https:\/\/www.redatea.net\/index.php\/wp-json\/wp\/v2\/categories?post=739333"},{"taxonomy":"post_tag","embeddable":true,"href":"https:\/\/www.redatea.net\/index.php\/wp-json\/wp\/v2\/tags?post=739333"}],"curies":[{"name":"wp","href":"https:\/\/api.w.org\/{rel}","templated":true}]}}