{"id":739335,"date":"2026-09-02T08:00:00","date_gmt":"2026-09-02T07:00:00","guid":{"rendered":"https:\/\/magonia.com\/?p=44993"},"modified":"2026-09-02T08:00:00","modified_gmt":"2026-09-02T07:00:00","slug":"james-randi-la-ciencia-y-lo-paranormal-un-mago-en-el-laboratorio","status":"publish","type":"post","link":"https:\/\/magonia.com\/2026\/09\/02\/james-randi-la-ciencia-y-lo-paranormal-un-mago-en-el-laboratorio\/","title":{"rendered":"James Randi: \u00abLa ciencia y lo paranormal: un mago en el laboratorio\u00bb"},"content":{"rendered":"\n<figure class=\"wp-block-embed is-type-video is-provider-vimeo wp-block-embed-vimeo wp-embed-aspect-16-9 wp-has-aspect-ratio\"><div class=\"wp-block-embed__wrapper\">\n<iframe title=\"James Randi: \u201cLa ciencia y lo paranormal: un mago en el laboratorio\u201d\" src=\"https:\/\/player.vimeo.com\/video\/49895711?dnt=1&amp;app_id=122963\" width=\"500\" height=\"281\" frameborder=\"0\" allow=\"autoplay; fullscreen; picture-in-picture; clipboard-write; encrypted-media; web-share\" referrerpolicy=\"strict-origin-when-cross-origin\"><\/iframe>\n<\/div><\/figure>\n\n\n\n<p>V\u00eddeo de la conferencia \u00abLa ciencia y lo paranormal: un mago en el laboratorio\u00bb, ofrecida por el ilusionista <a href=\"https:\/\/magonia.com\/2012\/05\/28\/la-gente-cree-en-lo-paranormal-por-miedo-a-la-muerte-dice-james-randi\/\">James Randi<\/a> en Bilbao el 14 de mayo de 2012, <a href=\"https:\/\/magonia.com\/2012\/09\/25\/james-randi-en-bilbao-el-video-de-la-conferencia-en-la-universidad-de-deusto-y-la-trastienda-de-la-visita\/\">con motivo de su visita a la ciudad<\/a> invitado por el  <a href=\"https:\/\/circuloesceptico.org\/\">C\u00edrculo Esc\u00e9ptico<\/a>. El acto fue organizado por el <a href=\"https:\/\/circuloesceptico.org\/\">C\u00edrculo Esc\u00e9ptico<\/a>, la Universidad de Deusto, la Fundaci\u00f3n Educativa James Randi (JREF) y el diario <em>El Correo<\/em>. Lo siguieron en la sala unas 300 personas y m\u00e1s de 600 a traves de internet.<\/p>\n\n\n\n<p><a href=\"https:\/\/magonia.com\/2020\/10\/22\/adios-a-james-randi\/\">Mago y maestro de esc\u00e9pticos<\/a>, Randi form\u00f3 parte de una generaci\u00f3n de gigantes del pensamiento cr\u00edtico. Junto con&nbsp;<a href=\"https:\/\/magonia.com\/2010\/05\/29\/martin-gardner-esceptico-incansable\/\"  rel=\"noreferrer noopener\">Martin Gardner<\/a>,&nbsp;<a href=\"https:\/\/magonia.com\/2015\/09\/29\/carl-sagan-el-senor-del-cosmos\/\"  rel=\"noreferrer noopener\">Carl Sagan<\/a>, Isaac Asimov, Ray Hyman y Paul Kurtz, fund\u00f3 en 1976 el Comit\u00e9 para la Investigaci\u00f3n Cient\u00edfica de las Afirmaciones de lo Paranormal (CSICOP), hoy,&nbsp;<a href=\"http:\/\/skepticalinquirer.org\/\"  rel=\"noreferrer noopener\">Comit\u00e9 para la Investigaci\u00f3n Esc\u00e9ptica (CSI)<\/a>. Socio de honor del C\u00edrculo Esc\u00e9ptico, James Randi falleci\u00f3 el 21 de octubre de 2020 a los 92 a\u00f1os.<\/p>\n\n\n\n<p>V\u00eddeo publicado en <em><strong>Magonia<\/strong><\/em> el 2 de septiembre de 2026.<\/p>\n","protected":false},"excerpt":{"rendered":"<p>V\u00eddeo de la conferencia \u00abLa ciencia y lo paranormal: un mago en el laboratorio\u00bb, ofrecida por el ilusionista James Randi en Bilbao el 14 de mayo de 2012, con motivo de su visita a la ciudad invitado por el C\u00edrculo Esc\u00e9ptico. El acto fue organizado por el C\u00edrculo Esc\u00e9ptico, la Universidad de Deusto, la Fundaci\u00f3n [\u2026]<\/p>\n","protected":false},"author":198,"featured_media":0,"comment_status":"closed","ping_status":"open","sticky":false,"template":"","format":"standard","meta":{"footnotes":""},"categories":[4,2579,81,2374,2219,2580,133],"tags":[],"class_list":["post-739335","post","type-post","status-publish","format-standard","hentry","category-blogs-colaboradores","category-conferencias-en-video","category-escepticismo","category-james-randi","category-magonia","category-television-portada","category-videos"],"_links":{"self":[{"href":"https:\/\/www.redatea.net\/index.php\/wp-json\/wp\/v2\/posts\/739335","targetHints":{"allow":["GET"]}}],"collection":[{"href":"https:\/\/www.redatea.net\/index.php\/wp-json\/wp\/v2\/posts"}],"about":[{"href":"https:\/\/www.redatea.net\/index.php\/wp-json\/wp\/v2\/types\/post"}],"author":[{"embeddable":true,"href":"https:\/\/www.redatea.net\/index.php\/wp-json\/wp\/v2\/users\/198"}],"replies":[{"embeddable":true,"href":"https:\/\/www.redatea.net\/index.php\/wp-json\/wp\/v2\/comments?post=739335"}],"version-history":[{"count":1,"href":"https:\/\/www.redatea.net\/index.php\/wp-json\/wp\/v2\/posts\/739335\/revisions"}],"predecessor-version":[{"id":739336,"href":"https:\/\/www.redatea.net\/index.php\/wp-json\/wp\/v2\/posts\/739335\/revisions\/739336"}],"wp:attachment":[{"href":"https:\/\/www.redatea.net\/index.php\/wp-json\/wp\/v2\/media?parent=739335"}],"wp:term":[{"taxonomy":"category","embeddable":true,"href":"https:\/\/www.redatea.net\/index.php\/wp-json\/wp\/v2\/categories?post=739335"},{"taxonomy":"post_tag","embeddable":true,"href":"https:\/\/www.redatea.net\/index.php\/wp-json\/wp\/v2\/tags?post=739335"}],"curies":[{"name":"wp","href":"https:\/\/api.w.org\/{rel}","templated":true}]}}