{"id":739341,"date":"2026-09-02T18:38:02","date_gmt":"2026-09-02T17:38:02","guid":{"rendered":"https:\/\/laicismo.org\/?p=312944"},"modified":"2026-09-02T18:38:02","modified_gmt":"2026-09-02T17:38:02","slug":"de-lo-comun-a-lo-privado-el-mayor-saqueo-silencioso-de-la-democracia-espanola-%c2%b7-por-enrique-javier-diez-gutierrez","status":"publish","type":"post","link":"https:\/\/laicismo.org\/de-lo-comun-a-lo-privado-el-mayor-saqueo-silencioso-de-la-democracia-espanola-%C2%B7-por-enrique-javier-diez-gutierrez\/","title":{"rendered":"De lo com\u00fan a lo privado: el mayor saqueo silencioso de la democracia espa\u00f1ola \u00b7 por Enrique Javier D\u00edez Guti\u00e9rrez"},"content":{"rendered":"Hubo un tiempo en que el refr\u00e1n popular dec\u00eda \u00abcalumnia, que algo queda\u00bb. Hoy, en Espa\u00f1a, podr\u00edamos actualizarlo&#8230;","protected":false},"excerpt":{"rendered":"<p>Hubo un tiempo en que el refr\u00e1n popular dec\u00eda \u00abcalumnia, que algo queda\u00bb. Hoy, en Espa\u00f1a, podr\u00edamos actualizarlo\u2026<\/p>\n","protected":false},"author":195,"featured_media":0,"comment_status":"closed","ping_status":"open","sticky":false,"template":"","format":"standard","meta":{"footnotes":""},"categories":[2458,4,2203,2582,1605,2413,62,2393,2583,222,384],"tags":[],"class_list":["post-739341","post","type-post","status-publish","format-standard","hentry","category-apropiaciones-inmatriculaciones","category-blogs-colaboradores","category-democracia","category-enrique-javier-diez-gutierrez","category-europa-laica","category-grupo-de-pensamiento-laico","category-iglesia-catolica","category-inmatriculaciones","category-ley-hipotecaria","category-opinion","category-vaticano"],"_links":{"self":[{"href":"https:\/\/www.redatea.net\/index.php\/wp-json\/wp\/v2\/posts\/739341","targetHints":{"allow":["GET"]}}],"collection":[{"href":"https:\/\/www.redatea.net\/index.php\/wp-json\/wp\/v2\/posts"}],"about":[{"href":"https:\/\/www.redatea.net\/index.php\/wp-json\/wp\/v2\/types\/post"}],"author":[{"embeddable":true,"href":"https:\/\/www.redatea.net\/index.php\/wp-json\/wp\/v2\/users\/195"}],"replies":[{"embeddable":true,"href":"https:\/\/www.redatea.net\/index.php\/wp-json\/wp\/v2\/comments?post=739341"}],"version-history":[{"count":2,"href":"https:\/\/www.redatea.net\/index.php\/wp-json\/wp\/v2\/posts\/739341\/revisions"}],"predecessor-version":[{"id":739348,"href":"https:\/\/www.redatea.net\/index.php\/wp-json\/wp\/v2\/posts\/739341\/revisions\/739348"}],"wp:attachment":[{"href":"https:\/\/www.redatea.net\/index.php\/wp-json\/wp\/v2\/media?parent=739341"}],"wp:term":[{"taxonomy":"category","embeddable":true,"href":"https:\/\/www.redatea.net\/index.php\/wp-json\/wp\/v2\/categories?post=739341"},{"taxonomy":"post_tag","embeddable":true,"href":"https:\/\/www.redatea.net\/index.php\/wp-json\/wp\/v2\/tags?post=739341"}],"curies":[{"name":"wp","href":"https:\/\/api.w.org\/{rel}","templated":true}]}}